{"id":1023,"date":"2022-08-23T12:32:23","date_gmt":"2022-08-23T15:32:23","guid":{"rendered":"https:\/\/www.diariomunicipal-al.com.br\/uniao\/?p=1023"},"modified":"2022-08-23T12:32:23","modified_gmt":"2022-08-23T15:32:23","slug":"aviso-de-revogacao-pregao-eletronico-n-27-2022","status":"publish","type":"post","link":"https:\/\/www.diariomunicipal-al.com.br\/uniao\/aviso-de-revogacao-pregao-eletronico-n-27-2022\/","title":{"rendered":"AVISO DE REVOGA\u00c7\u00c3O \u2013 PREG\u00c3O ELETR\u00d4NICO N\u00b0 27\/2022"},"content":{"rendered":"\n<p>O Prefeito de Uni\u00e3o dos Palmares, no uso de suas atribui\u00e7\u00f5es estatut\u00e1rias e com fundamento no artigo 49 da Lei 8.666\/93, torna p\u00fablico a revoga\u00e7\u00e3o do Preg\u00e3o Eletr\u00f4nico n\u00b0 27\/2022, cujo objeto \u00e9 a presta\u00e7\u00e3o de servi\u00e7os continuados de funer\u00e1ria com fornecimento de urnas mortu\u00e1rias e demais materiais e servi\u00e7os, por conveni\u00eancia administrativa, tendo em vista os pre\u00e7os propostos considerados inexequ\u00edveis.<\/p>\n\n\n\n<p>Uni\u00e3o dos Palmares\/AL, 16 de agosto de 2022.<\/p>\n\n\n\n<p>Areski D\u00e2mara de Omena Freitas Junior<\/p>\n\n\n\n<p>Prefeito<\/p>\n","protected":false},"excerpt":{"rendered":"<p>O Prefeito de Uni\u00e3o dos Palmares, no uso de suas atribui\u00e7\u00f5es estatut\u00e1rias e com fundamento no artigo 49 da Lei 8.666\/93, torna p\u00fablico a revoga\u00e7\u00e3o do Preg\u00e3o Eletr\u00f4nico n\u00b0 27\/2022, cujo objeto \u00e9 a presta\u00e7\u00e3o de servi\u00e7os continuados de funer\u00e1ria com fornecimento de urnas mortu\u00e1rias e demais materiais e servi\u00e7os, por conveni\u00eancia administrativa, tendo em [&hellip;]<\/p>\n","protected":false},"author":5,"featured_media":0,"comment_status":"open","ping_status":"open","sticky":false,"template":"","format":"standard","meta":{"footnotes":""},"categories":[1],"tags":[],"class_list":["post-1023","post","type-post","status-publish","format-standard","hentry","category-licitacoes"],"_links":{"self":[{"href":"https:\/\/www.diariomunicipal-al.com.br\/uniao\/wp-json\/wp\/v2\/posts\/1023","targetHints":{"allow":["GET"]}}],"collection":[{"href":"https:\/\/www.diariomunicipal-al.com.br\/uniao\/wp-json\/wp\/v2\/posts"}],"about":[{"href":"https:\/\/www.diariomunicipal-al.com.br\/uniao\/wp-json\/wp\/v2\/types\/post"}],"author":[{"embeddable":true,"href":"https:\/\/www.diariomunicipal-al.com.br\/uniao\/wp-json\/wp\/v2\/users\/5"}],"replies":[{"embeddable":true,"href":"https:\/\/www.diariomunicipal-al.com.br\/uniao\/wp-json\/wp\/v2\/comments?post=1023"}],"version-history":[{"count":1,"href":"https:\/\/www.diariomunicipal-al.com.br\/uniao\/wp-json\/wp\/v2\/posts\/1023\/revisions"}],"predecessor-version":[{"id":1024,"href":"https:\/\/www.diariomunicipal-al.com.br\/uniao\/wp-json\/wp\/v2\/posts\/1023\/revisions\/1024"}],"wp:attachment":[{"href":"https:\/\/www.diariomunicipal-al.com.br\/uniao\/wp-json\/wp\/v2\/media?parent=1023"}],"wp:term":[{"taxonomy":"category","embeddable":true,"href":"https:\/\/www.diariomunicipal-al.com.br\/uniao\/wp-json\/wp\/v2\/categories?post=1023"},{"taxonomy":"post_tag","embeddable":true,"href":"https:\/\/www.diariomunicipal-al.com.br\/uniao\/wp-json\/wp\/v2\/tags?post=1023"}],"curies":[{"name":"wp","href":"https:\/\/api.w.org\/{rel}","templated":true}]}}