{"id":1184,"date":"2022-12-02T13:00:39","date_gmt":"2022-12-02T15:00:39","guid":{"rendered":"https:\/\/www.diariomunicipal-al.com.br\/uniao\/?p=1184"},"modified":"2022-12-02T13:00:39","modified_gmt":"2022-12-02T15:00:39","slug":"aviso-de-revogacao-concorrencia-n-08-2022","status":"publish","type":"post","link":"https:\/\/www.diariomunicipal-al.com.br\/uniao\/aviso-de-revogacao-concorrencia-n-08-2022\/","title":{"rendered":"AVISO DE REVOGA\u00c7\u00c3O \u2013 CONCORR\u00caNCIA N\u00b0 08\/2022"},"content":{"rendered":"\n<p>O Prefeito de Uni\u00e3o dos Palmares, no uso de suas atribui\u00e7\u00f5es estatut\u00e1rias e com fundamento no artigo 49 da Lei 8.666\/93, torna p\u00fablico a revoga\u00e7\u00e3o da Concorr\u00eancia P\u00fablica n\u00b0 08\/2022, cujo objeto \u00e9 constru\u00e7\u00e3o de pra\u00e7as, por raz\u00f5es de interesse p\u00fablico.<\/p>\n\n\n\n<p>Uni\u00e3o dos Palmares\/AL, 02 de dezembro de 2022.<\/p>\n\n\n\n<p>Areski D\u00e2mara de Omena Freitas Junior<\/p>\n\n\n\n<p>Prefeito<\/p>\n","protected":false},"excerpt":{"rendered":"<p>O Prefeito de Uni\u00e3o dos Palmares, no uso de suas atribui\u00e7\u00f5es estatut\u00e1rias e com fundamento no artigo 49 da Lei 8.666\/93, torna p\u00fablico a revoga\u00e7\u00e3o da Concorr\u00eancia P\u00fablica n\u00b0 08\/2022, cujo objeto \u00e9 constru\u00e7\u00e3o de pra\u00e7as, por raz\u00f5es de interesse p\u00fablico. Uni\u00e3o dos Palmares\/AL, 02 de dezembro de 2022. Areski D\u00e2mara de Omena Freitas Junior [&hellip;]<\/p>\n","protected":false},"author":5,"featured_media":0,"comment_status":"open","ping_status":"open","sticky":false,"template":"","format":"standard","meta":{"footnotes":""},"categories":[1],"tags":[],"class_list":["post-1184","post","type-post","status-publish","format-standard","hentry","category-licitacoes"],"_links":{"self":[{"href":"https:\/\/www.diariomunicipal-al.com.br\/uniao\/wp-json\/wp\/v2\/posts\/1184","targetHints":{"allow":["GET"]}}],"collection":[{"href":"https:\/\/www.diariomunicipal-al.com.br\/uniao\/wp-json\/wp\/v2\/posts"}],"about":[{"href":"https:\/\/www.diariomunicipal-al.com.br\/uniao\/wp-json\/wp\/v2\/types\/post"}],"author":[{"embeddable":true,"href":"https:\/\/www.diariomunicipal-al.com.br\/uniao\/wp-json\/wp\/v2\/users\/5"}],"replies":[{"embeddable":true,"href":"https:\/\/www.diariomunicipal-al.com.br\/uniao\/wp-json\/wp\/v2\/comments?post=1184"}],"version-history":[{"count":1,"href":"https:\/\/www.diariomunicipal-al.com.br\/uniao\/wp-json\/wp\/v2\/posts\/1184\/revisions"}],"predecessor-version":[{"id":1185,"href":"https:\/\/www.diariomunicipal-al.com.br\/uniao\/wp-json\/wp\/v2\/posts\/1184\/revisions\/1185"}],"wp:attachment":[{"href":"https:\/\/www.diariomunicipal-al.com.br\/uniao\/wp-json\/wp\/v2\/media?parent=1184"}],"wp:term":[{"taxonomy":"category","embeddable":true,"href":"https:\/\/www.diariomunicipal-al.com.br\/uniao\/wp-json\/wp\/v2\/categories?post=1184"},{"taxonomy":"post_tag","embeddable":true,"href":"https:\/\/www.diariomunicipal-al.com.br\/uniao\/wp-json\/wp\/v2\/tags?post=1184"}],"curies":[{"name":"wp","href":"https:\/\/api.w.org\/{rel}","templated":true}]}}