{"id":1308,"date":"2023-03-01T11:00:17","date_gmt":"2023-03-01T14:00:17","guid":{"rendered":"https:\/\/www.diariomunicipal-al.com.br\/uniao\/?p=1308"},"modified":"2023-03-01T11:00:17","modified_gmt":"2023-03-01T14:00:17","slug":"aviso-de-suspensao","status":"publish","type":"post","link":"https:\/\/www.diariomunicipal-al.com.br\/uniao\/aviso-de-suspensao\/","title":{"rendered":"AVISO DE SUSPENS\u00c3O"},"content":{"rendered":"\n<p>Informamos que a Concorr\u00eancia P\u00fablica n\u00b0 02\/2023, para servi\u00e7os remanescentes de pavimenta\u00e7\u00e3o e drenagem, marcada para 03\/03\/2023, \u00e0s 10h00min fica SUSPENSA, por raz\u00f5es de interesse p\u00fablico, para avalia\u00e7\u00e3o e altera\u00e7\u00e3o de projeto, conforme exig\u00eancia do \u00f3rg\u00e3o interveniente, devendo ser divulgada posteriormente nova data para continua\u00e7\u00e3o.<\/p>\n\n\n\n<p>Amanda Santos de Oliveira<\/p>\n\n\n\n<p>Presidente da CPL<\/p>\n","protected":false},"excerpt":{"rendered":"<p>Informamos que a Concorr\u00eancia P\u00fablica n\u00b0 02\/2023, para servi\u00e7os remanescentes de pavimenta\u00e7\u00e3o e drenagem, marcada para 03\/03\/2023, \u00e0s 10h00min fica SUSPENSA, por raz\u00f5es de interesse p\u00fablico, para avalia\u00e7\u00e3o e altera\u00e7\u00e3o de projeto, conforme exig\u00eancia do \u00f3rg\u00e3o interveniente, devendo ser divulgada posteriormente nova data para continua\u00e7\u00e3o. Amanda Santos de Oliveira Presidente da CPL<\/p>\n","protected":false},"author":5,"featured_media":0,"comment_status":"open","ping_status":"open","sticky":false,"template":"","format":"standard","meta":{"footnotes":""},"categories":[1],"tags":[],"class_list":["post-1308","post","type-post","status-publish","format-standard","hentry","category-licitacoes"],"_links":{"self":[{"href":"https:\/\/www.diariomunicipal-al.com.br\/uniao\/wp-json\/wp\/v2\/posts\/1308","targetHints":{"allow":["GET"]}}],"collection":[{"href":"https:\/\/www.diariomunicipal-al.com.br\/uniao\/wp-json\/wp\/v2\/posts"}],"about":[{"href":"https:\/\/www.diariomunicipal-al.com.br\/uniao\/wp-json\/wp\/v2\/types\/post"}],"author":[{"embeddable":true,"href":"https:\/\/www.diariomunicipal-al.com.br\/uniao\/wp-json\/wp\/v2\/users\/5"}],"replies":[{"embeddable":true,"href":"https:\/\/www.diariomunicipal-al.com.br\/uniao\/wp-json\/wp\/v2\/comments?post=1308"}],"version-history":[{"count":1,"href":"https:\/\/www.diariomunicipal-al.com.br\/uniao\/wp-json\/wp\/v2\/posts\/1308\/revisions"}],"predecessor-version":[{"id":1309,"href":"https:\/\/www.diariomunicipal-al.com.br\/uniao\/wp-json\/wp\/v2\/posts\/1308\/revisions\/1309"}],"wp:attachment":[{"href":"https:\/\/www.diariomunicipal-al.com.br\/uniao\/wp-json\/wp\/v2\/media?parent=1308"}],"wp:term":[{"taxonomy":"category","embeddable":true,"href":"https:\/\/www.diariomunicipal-al.com.br\/uniao\/wp-json\/wp\/v2\/categories?post=1308"},{"taxonomy":"post_tag","embeddable":true,"href":"https:\/\/www.diariomunicipal-al.com.br\/uniao\/wp-json\/wp\/v2\/tags?post=1308"}],"curies":[{"name":"wp","href":"https:\/\/api.w.org\/{rel}","templated":true}]}}