{"id":1335,"date":"2023-04-03T16:30:33","date_gmt":"2023-04-03T19:30:33","guid":{"rendered":"https:\/\/www.diariomunicipal-al.com.br\/uniao\/?p=1335"},"modified":"2023-04-03T16:30:33","modified_gmt":"2023-04-03T19:30:33","slug":"aviso-de-licitacao-uasg-982885-39","status":"publish","type":"post","link":"https:\/\/www.diariomunicipal-al.com.br\/uniao\/aviso-de-licitacao-uasg-982885-39\/","title":{"rendered":"Aviso de Licita\u00e7\u00e3o \u2013 UASG 982885"},"content":{"rendered":"\n<p>Preg\u00e3o Eletr\u00f4nico n\u00b0 10\/2023. Objeto: contrata\u00e7\u00e3o de servi\u00e7os de confec\u00e7\u00e3o de pr\u00f3tese dent\u00e1ria. Data: 19\/04\/2023, \u00e0s 09h00min. Local: Portal de Compras do Governo Federal \u2013 www.comprasgovernamentais.gov.br. Editais Dispon\u00edveis na Rua Marechal Deodoro da Fonseca, s\/n, Centro, Uni\u00e3o dos Palmares\/AL, no s\u00edtio www.uniaodospalmares.al.gov.br ou ainda pelo e-mail licitacoes@uniaodospalmares.al.gov.br.<\/p>\n\n\n\n<p>Amanda Santos de Oliveira<\/p>\n\n\n\n<p>Pregoeira<\/p>\n\n\n\n<div data-wp-interactive=\"core\/file\" class=\"wp-block-file\"><object data-wp-bind--hidden=\"!state.hasPdfPreview\" hidden class=\"wp-block-file__embed\" data=\"https:\/\/www.diariomunicipal-al.com.br\/uniao\/wp-content\/uploads\/2023\/04\/EDITAL-PE-10-2023-SERVICOS-DE-CONFECCAO-DE-PROTESES-DENTARIAS.pdf\" type=\"application\/pdf\" style=\"width:100%;height:600px\" aria-label=\"Incorporado de Incorporado de EDITAL-PE-10-2023-SERVICOS-DE-CONFECCAO-DE-PROTESES-DENTARIAS..\"><\/object><a href=\"https:\/\/www.diariomunicipal-al.com.br\/uniao\/wp-content\/uploads\/2023\/04\/EDITAL-PE-10-2023-SERVICOS-DE-CONFECCAO-DE-PROTESES-DENTARIAS.pdf\">EDITAL-PE-10-2023-SERVICOS-DE-CONFECCAO-DE-PROTESES-DENTARIAS<\/a><a href=\"https:\/\/www.diariomunicipal-al.com.br\/uniao\/wp-content\/uploads\/2023\/04\/EDITAL-PE-10-2023-SERVICOS-DE-CONFECCAO-DE-PROTESES-DENTARIAS.pdf\" class=\"wp-block-file__button\" download>Baixar<\/a><\/div>\n","protected":false},"excerpt":{"rendered":"<p>Preg\u00e3o Eletr\u00f4nico n\u00b0 10\/2023. Objeto: contrata\u00e7\u00e3o de servi\u00e7os de confec\u00e7\u00e3o de pr\u00f3tese dent\u00e1ria. Data: 19\/04\/2023, \u00e0s 09h00min. Local: Portal de Compras do Governo Federal \u2013 www.comprasgovernamentais.gov.br. Editais Dispon\u00edveis na Rua Marechal Deodoro da Fonseca, s\/n, Centro, Uni\u00e3o dos Palmares\/AL, no s\u00edtio www.uniaodospalmares.al.gov.br ou ainda pelo e-mail licitacoes@uniaodospalmares.al.gov.br. Amanda Santos de Oliveira Pregoeira<\/p>\n","protected":false},"author":5,"featured_media":0,"comment_status":"open","ping_status":"open","sticky":false,"template":"","format":"standard","meta":{"footnotes":""},"categories":[1],"tags":[],"class_list":["post-1335","post","type-post","status-publish","format-standard","hentry","category-licitacoes"],"_links":{"self":[{"href":"https:\/\/www.diariomunicipal-al.com.br\/uniao\/wp-json\/wp\/v2\/posts\/1335","targetHints":{"allow":["GET"]}}],"collection":[{"href":"https:\/\/www.diariomunicipal-al.com.br\/uniao\/wp-json\/wp\/v2\/posts"}],"about":[{"href":"https:\/\/www.diariomunicipal-al.com.br\/uniao\/wp-json\/wp\/v2\/types\/post"}],"author":[{"embeddable":true,"href":"https:\/\/www.diariomunicipal-al.com.br\/uniao\/wp-json\/wp\/v2\/users\/5"}],"replies":[{"embeddable":true,"href":"https:\/\/www.diariomunicipal-al.com.br\/uniao\/wp-json\/wp\/v2\/comments?post=1335"}],"version-history":[{"count":1,"href":"https:\/\/www.diariomunicipal-al.com.br\/uniao\/wp-json\/wp\/v2\/posts\/1335\/revisions"}],"predecessor-version":[{"id":1337,"href":"https:\/\/www.diariomunicipal-al.com.br\/uniao\/wp-json\/wp\/v2\/posts\/1335\/revisions\/1337"}],"wp:attachment":[{"href":"https:\/\/www.diariomunicipal-al.com.br\/uniao\/wp-json\/wp\/v2\/media?parent=1335"}],"wp:term":[{"taxonomy":"category","embeddable":true,"href":"https:\/\/www.diariomunicipal-al.com.br\/uniao\/wp-json\/wp\/v2\/categories?post=1335"},{"taxonomy":"post_tag","embeddable":true,"href":"https:\/\/www.diariomunicipal-al.com.br\/uniao\/wp-json\/wp\/v2\/tags?post=1335"}],"curies":[{"name":"wp","href":"https:\/\/api.w.org\/{rel}","templated":true}]}}