{"id":1348,"date":"2023-04-04T17:28:23","date_gmt":"2023-04-04T20:28:23","guid":{"rendered":"https:\/\/www.diariomunicipal-al.com.br\/uniao\/?p=1348"},"modified":"2023-04-04T17:28:23","modified_gmt":"2023-04-04T20:28:23","slug":"aviso-de-licitacao-2a-chamada-2","status":"publish","type":"post","link":"https:\/\/www.diariomunicipal-al.com.br\/uniao\/aviso-de-licitacao-2a-chamada-2\/","title":{"rendered":"Aviso de Licita\u00e7\u00e3o \u2013 2\u00aa chamada"},"content":{"rendered":"\n<p><a><span class=\"has-inline-color has-black-color\">A Prefeitura de Uni\u00e3o dos Palmares informa a reabertura de Concorr\u00eancia P\u00fablica n\u00ba 02\/2023, para servi\u00e7os remanescentes de pavimenta\u00e7\u00e3o e drenagem. Data: 09\/05\/2023, \u00e0s 10h00min. Editais Dispon\u00edveis na Rua Marechal Deodoro da Fonseca, s\/n, Centro, Uni\u00e3o dos Palmares\/AL, no s\u00edtio www.uniaodospalmares.al.gov.br ou ainda pelo e-mail licitauniao@gmail.com<\/span><\/a> e atrav\u00e9s do link https:\/\/1drv.ms\/u\/s!AmxQqd2aaMX0hP9R6k6grnAqBg4i-g?e=GRypZj.<\/p>\n\n\n\n<p>Amanda Santos de Oliveira<\/p>\n\n\n\n<p>Presidente da CPL<\/p>\n\n\n\n<div data-wp-interactive=\"core\/file\" class=\"wp-block-file\"><object data-wp-bind--hidden=\"!state.hasPdfPreview\" hidden class=\"wp-block-file__embed\" data=\"https:\/\/www.diariomunicipal-al.com.br\/uniao\/wp-content\/uploads\/2023\/04\/EDITAL-2a-CHAMADA-CONCORRENCIA-02-2023-PAVIMENTACAO-E-DRENAGEM.pdf\" type=\"application\/pdf\" style=\"width:100%;height:600px\" aria-label=\"Incorporado de Incorporado de EDITAL-2a-CHAMADA-CONCORRENCIA-02-2023-PAVIMENTACAO-E-DRENAGEM..\"><\/object><a href=\"https:\/\/www.diariomunicipal-al.com.br\/uniao\/wp-content\/uploads\/2023\/04\/EDITAL-2a-CHAMADA-CONCORRENCIA-02-2023-PAVIMENTACAO-E-DRENAGEM.pdf\">EDITAL-2a-CHAMADA-CONCORRENCIA-02-2023-PAVIMENTACAO-E-DRENAGEM<\/a><a href=\"https:\/\/www.diariomunicipal-al.com.br\/uniao\/wp-content\/uploads\/2023\/04\/EDITAL-2a-CHAMADA-CONCORRENCIA-02-2023-PAVIMENTACAO-E-DRENAGEM.pdf\" class=\"wp-block-file__button\" download>Baixar<\/a><\/div>\n","protected":false},"excerpt":{"rendered":"<p>A Prefeitura de Uni\u00e3o dos Palmares informa a reabertura de Concorr\u00eancia P\u00fablica n\u00ba 02\/2023, para servi\u00e7os remanescentes de pavimenta\u00e7\u00e3o e drenagem. Data: 09\/05\/2023, \u00e0s 10h00min. Editais Dispon\u00edveis na Rua Marechal Deodoro da Fonseca, s\/n, Centro, Uni\u00e3o dos Palmares\/AL, no s\u00edtio www.uniaodospalmares.al.gov.br ou ainda pelo e-mail licitauniao@gmail.com e atrav\u00e9s do link https:\/\/1drv.ms\/u\/s!AmxQqd2aaMX0hP9R6k6grnAqBg4i-g?e=GRypZj. Amanda Santos de Oliveira [&hellip;]<\/p>\n","protected":false},"author":5,"featured_media":0,"comment_status":"open","ping_status":"open","sticky":false,"template":"","format":"standard","meta":{"footnotes":""},"categories":[1],"tags":[],"class_list":["post-1348","post","type-post","status-publish","format-standard","hentry","category-licitacoes"],"_links":{"self":[{"href":"https:\/\/www.diariomunicipal-al.com.br\/uniao\/wp-json\/wp\/v2\/posts\/1348","targetHints":{"allow":["GET"]}}],"collection":[{"href":"https:\/\/www.diariomunicipal-al.com.br\/uniao\/wp-json\/wp\/v2\/posts"}],"about":[{"href":"https:\/\/www.diariomunicipal-al.com.br\/uniao\/wp-json\/wp\/v2\/types\/post"}],"author":[{"embeddable":true,"href":"https:\/\/www.diariomunicipal-al.com.br\/uniao\/wp-json\/wp\/v2\/users\/5"}],"replies":[{"embeddable":true,"href":"https:\/\/www.diariomunicipal-al.com.br\/uniao\/wp-json\/wp\/v2\/comments?post=1348"}],"version-history":[{"count":1,"href":"https:\/\/www.diariomunicipal-al.com.br\/uniao\/wp-json\/wp\/v2\/posts\/1348\/revisions"}],"predecessor-version":[{"id":1350,"href":"https:\/\/www.diariomunicipal-al.com.br\/uniao\/wp-json\/wp\/v2\/posts\/1348\/revisions\/1350"}],"wp:attachment":[{"href":"https:\/\/www.diariomunicipal-al.com.br\/uniao\/wp-json\/wp\/v2\/media?parent=1348"}],"wp:term":[{"taxonomy":"category","embeddable":true,"href":"https:\/\/www.diariomunicipal-al.com.br\/uniao\/wp-json\/wp\/v2\/categories?post=1348"},{"taxonomy":"post_tag","embeddable":true,"href":"https:\/\/www.diariomunicipal-al.com.br\/uniao\/wp-json\/wp\/v2\/tags?post=1348"}],"curies":[{"name":"wp","href":"https:\/\/api.w.org\/{rel}","templated":true}]}}