{"id":1360,"date":"2023-04-10T16:05:05","date_gmt":"2023-04-10T19:05:05","guid":{"rendered":"https:\/\/www.diariomunicipal-al.com.br\/uniao\/?p=1360"},"modified":"2023-04-10T16:05:05","modified_gmt":"2023-04-10T19:05:05","slug":"edital-01-2023","status":"publish","type":"post","link":"https:\/\/www.diariomunicipal-al.com.br\/uniao\/edital-01-2023\/","title":{"rendered":"EDITAL 01\/2023"},"content":{"rendered":"\n<p>O PRESIDENTE DO CONSELHO MUNICIPAL DOS DIREITOS DA CRIAN\u00c7A E DO<br>ADOLESCENTE &#8211; CMDCA DE UNI\u00c3O DOS PALMARES &#8211; AL, no uso da atribui\u00e7\u00e3o<br>que lhe \u00e9 conferida pela Lei n\u00ba 1.492\/2023, faz publicar o Edital de Convoca\u00e7\u00e3o para o<br>Processo de Escolha em Data Unificada para membros do Conselho Tutelar, para o quadri\u00eanio<br>2024\/2028.<\/p>\n\n\n\n<div data-wp-interactive=\"core\/file\" class=\"wp-block-file\"><object data-wp-bind--hidden=\"!state.hasPdfPreview\" hidden class=\"wp-block-file__embed\" data=\"https:\/\/www.diariomunicipal-al.com.br\/uniao\/wp-content\/uploads\/2023\/04\/EDITAL-ELEICAO-DO-CONSELHO-TUTELAR-2023-PRONTO.pdf\" type=\"application\/pdf\" style=\"width:100%;height:600px\" aria-label=\"Incorporado de Incorporado de EDITAL-ELEICAO-DO-CONSELHO-TUTELAR-2023-PRONTO..\"><\/object><a href=\"https:\/\/www.diariomunicipal-al.com.br\/uniao\/wp-content\/uploads\/2023\/04\/EDITAL-ELEICAO-DO-CONSELHO-TUTELAR-2023-PRONTO.pdf\">EDITAL-ELEICAO-DO-CONSELHO-TUTELAR-2023-PRONTO<\/a><a href=\"https:\/\/www.diariomunicipal-al.com.br\/uniao\/wp-content\/uploads\/2023\/04\/EDITAL-ELEICAO-DO-CONSELHO-TUTELAR-2023-PRONTO.pdf\" class=\"wp-block-file__button\" download>Baixar<\/a><\/div>\n","protected":false},"excerpt":{"rendered":"<p>O PRESIDENTE DO CONSELHO MUNICIPAL DOS DIREITOS DA CRIAN\u00c7A E DOADOLESCENTE &#8211; CMDCA DE UNI\u00c3O DOS PALMARES &#8211; AL, no uso da atribui\u00e7\u00e3oque lhe \u00e9 conferida pela Lei n\u00ba 1.492\/2023, faz publicar o Edital de Convoca\u00e7\u00e3o para oProcesso de Escolha em Data Unificada para membros do Conselho Tutelar, para o quadri\u00eanio2024\/2028.<\/p>\n","protected":false},"author":2,"featured_media":0,"comment_status":"open","ping_status":"open","sticky":false,"template":"","format":"standard","meta":{"footnotes":""},"categories":[3],"tags":[],"class_list":["post-1360","post","type-post","status-publish","format-standard","hentry","category-edital"],"_links":{"self":[{"href":"https:\/\/www.diariomunicipal-al.com.br\/uniao\/wp-json\/wp\/v2\/posts\/1360","targetHints":{"allow":["GET"]}}],"collection":[{"href":"https:\/\/www.diariomunicipal-al.com.br\/uniao\/wp-json\/wp\/v2\/posts"}],"about":[{"href":"https:\/\/www.diariomunicipal-al.com.br\/uniao\/wp-json\/wp\/v2\/types\/post"}],"author":[{"embeddable":true,"href":"https:\/\/www.diariomunicipal-al.com.br\/uniao\/wp-json\/wp\/v2\/users\/2"}],"replies":[{"embeddable":true,"href":"https:\/\/www.diariomunicipal-al.com.br\/uniao\/wp-json\/wp\/v2\/comments?post=1360"}],"version-history":[{"count":2,"href":"https:\/\/www.diariomunicipal-al.com.br\/uniao\/wp-json\/wp\/v2\/posts\/1360\/revisions"}],"predecessor-version":[{"id":1919,"href":"https:\/\/www.diariomunicipal-al.com.br\/uniao\/wp-json\/wp\/v2\/posts\/1360\/revisions\/1919"}],"wp:attachment":[{"href":"https:\/\/www.diariomunicipal-al.com.br\/uniao\/wp-json\/wp\/v2\/media?parent=1360"}],"wp:term":[{"taxonomy":"category","embeddable":true,"href":"https:\/\/www.diariomunicipal-al.com.br\/uniao\/wp-json\/wp\/v2\/categories?post=1360"},{"taxonomy":"post_tag","embeddable":true,"href":"https:\/\/www.diariomunicipal-al.com.br\/uniao\/wp-json\/wp\/v2\/tags?post=1360"}],"curies":[{"name":"wp","href":"https:\/\/api.w.org\/{rel}","templated":true}]}}