{"id":1366,"date":"2023-04-11T21:43:02","date_gmt":"2023-04-12T00:43:02","guid":{"rendered":"https:\/\/www.diariomunicipal-al.com.br\/uniao\/?p=1366"},"modified":"2023-04-11T21:44:19","modified_gmt":"2023-04-12T00:44:19","slug":"edital-de-chamamento-para-credenciamento-n-003-2023","status":"publish","type":"post","link":"https:\/\/www.diariomunicipal-al.com.br\/uniao\/edital-de-chamamento-para-credenciamento-n-003-2023\/","title":{"rendered":"Edital de Chamamento para Credenciamento n\u00b0 003\/2023"},"content":{"rendered":"\n<p class=\"has-text-align-center\">Estado de Alagoas<br>Prefeitura Municipal de Uni\u00e3o dos Palmares<\/p>\n\n\n\n<p class=\"has-text-align-center\">Aviso de Credenciamento<\/p>\n\n\n\n<p>Edital de Chamamento para Credenciamento n\u00b0 003\/2023. Objeto: realiza\u00e7\u00e3o de inscri\u00e7\u00f5es dos Agentes Culturais do Munic\u00edpio de Uni\u00e3o dos Palmares \u2013 Alagoas, que estimulem o desenvolvimento das manifesta\u00e7\u00f5es culturais populares, ind\u00edgenas e afro-brasileira. Interajam junto \u00e0 comunidade visando a sua coopera\u00e7\u00e3o, conscientiza\u00e7\u00e3o, organiza\u00e7\u00e3o e mobiliza\u00e7\u00e3o, coordenada em fun\u00e7\u00e3o dos objetivos culturais a serem alcan\u00e7ados, assegurarem ao Munic\u00edpio na promo\u00e7\u00e3o da diversidade, das pr\u00e1ticas culturais e de express\u00e3o, executem a\u00e7\u00f5es culturais em regime de voluntariado, que busquem atender a popula\u00e7\u00e3o em \u00e1rea que se insuficiente a atividades culturais. Data das inscri\u00e7\u00f5es: 12\/04\/2023 a 12\/05\/2023. Edital Dispon\u00edvel na Rua Correia de Oliveira, n\u00ba 65, Centro, Uni\u00e3o dos Palmares, AL, CEP: 57.800-000, no s\u00edtio www.uniaodospalmares.al.gov.br ou ainda pelo e-mail: cultura@uniaodospalmares.al.gov.br.<\/p>\n\n\n\n<div data-wp-interactive=\"core\/file\" class=\"wp-block-file\"><object data-wp-bind--hidden=\"!state.hasPdfPreview\" hidden class=\"wp-block-file__embed\" data=\"https:\/\/www.diariomunicipal-al.com.br\/uniao\/wp-content\/uploads\/2023\/04\/EDITAL-003-2023-AGENTES-CULTURAIS.pdf\" type=\"application\/pdf\" style=\"width:100%;height:600px\" aria-label=\"Incorporado de Incorporado de EDITAL-003-2023-AGENTES-CULTURAIS..\"><\/object><a href=\"https:\/\/www.diariomunicipal-al.com.br\/uniao\/wp-content\/uploads\/2023\/04\/EDITAL-003-2023-AGENTES-CULTURAIS.pdf\">EDITAL-003-2023-AGENTES-CULTURAIS<\/a><a href=\"https:\/\/www.diariomunicipal-al.com.br\/uniao\/wp-content\/uploads\/2023\/04\/EDITAL-003-2023-AGENTES-CULTURAIS.pdf\" class=\"wp-block-file__button\" download>Baixar<\/a><\/div>\n","protected":false},"excerpt":{"rendered":"<p>Estado de AlagoasPrefeitura Municipal de Uni\u00e3o dos Palmares Aviso de Credenciamento Edital de Chamamento para Credenciamento n\u00b0 003\/2023. Objeto: realiza\u00e7\u00e3o de inscri\u00e7\u00f5es dos Agentes Culturais do Munic\u00edpio de Uni\u00e3o dos Palmares \u2013 Alagoas, que estimulem o desenvolvimento das manifesta\u00e7\u00f5es culturais populares, ind\u00edgenas e afro-brasileira. Interajam junto \u00e0 comunidade visando a sua coopera\u00e7\u00e3o, conscientiza\u00e7\u00e3o, organiza\u00e7\u00e3o e [&hellip;]<\/p>\n","protected":false},"author":2,"featured_media":0,"comment_status":"open","ping_status":"open","sticky":false,"template":"","format":"standard","meta":{"footnotes":""},"categories":[3],"tags":[],"class_list":["post-1366","post","type-post","status-publish","format-standard","hentry","category-edital"],"_links":{"self":[{"href":"https:\/\/www.diariomunicipal-al.com.br\/uniao\/wp-json\/wp\/v2\/posts\/1366","targetHints":{"allow":["GET"]}}],"collection":[{"href":"https:\/\/www.diariomunicipal-al.com.br\/uniao\/wp-json\/wp\/v2\/posts"}],"about":[{"href":"https:\/\/www.diariomunicipal-al.com.br\/uniao\/wp-json\/wp\/v2\/types\/post"}],"author":[{"embeddable":true,"href":"https:\/\/www.diariomunicipal-al.com.br\/uniao\/wp-json\/wp\/v2\/users\/2"}],"replies":[{"embeddable":true,"href":"https:\/\/www.diariomunicipal-al.com.br\/uniao\/wp-json\/wp\/v2\/comments?post=1366"}],"version-history":[{"count":1,"href":"https:\/\/www.diariomunicipal-al.com.br\/uniao\/wp-json\/wp\/v2\/posts\/1366\/revisions"}],"predecessor-version":[{"id":1368,"href":"https:\/\/www.diariomunicipal-al.com.br\/uniao\/wp-json\/wp\/v2\/posts\/1366\/revisions\/1368"}],"wp:attachment":[{"href":"https:\/\/www.diariomunicipal-al.com.br\/uniao\/wp-json\/wp\/v2\/media?parent=1366"}],"wp:term":[{"taxonomy":"category","embeddable":true,"href":"https:\/\/www.diariomunicipal-al.com.br\/uniao\/wp-json\/wp\/v2\/categories?post=1366"},{"taxonomy":"post_tag","embeddable":true,"href":"https:\/\/www.diariomunicipal-al.com.br\/uniao\/wp-json\/wp\/v2\/tags?post=1366"}],"curies":[{"name":"wp","href":"https:\/\/api.w.org\/{rel}","templated":true}]}}