{"id":1372,"date":"2023-04-13T14:54:12","date_gmt":"2023-04-13T17:54:12","guid":{"rendered":"https:\/\/www.diariomunicipal-al.com.br\/uniao\/?p=1372"},"modified":"2023-04-13T14:54:12","modified_gmt":"2023-04-13T17:54:12","slug":"aviso-de-adiamento-2","status":"publish","type":"post","link":"https:\/\/www.diariomunicipal-al.com.br\/uniao\/aviso-de-adiamento-2\/","title":{"rendered":"Aviso de Adiamento"},"content":{"rendered":"\n<p><a><span class=\"has-inline-color has-black-color\">A Prefeitura de Uni\u00e3o dos Palmares informa que, em decorr\u00eancia da publica\u00e7\u00e3o no Di\u00e1rio da Uni\u00e3o ter sido divulgada com atraso, ficam adiadas as aberturas dos processos a seguir, em cumprimento \u00e0 al\u00ednea \u201ca\u201d, inciso II do \u00a7 2\u00b0 da Lei n\u00b0 8.666\/93, salientando que n\u00e3o houve quaisquer altera\u00e7\u00f5es nos editais ou nos projetos b\u00e1sicos:<\/span><\/a><\/p>\n\n\n\n<p>Concorr\u00eancia P\u00fablica n\u00ba 05\/2023 \u2013 fica adiada para 16\/05\/2023, \u00e0s 09h00min.<\/p>\n\n\n\n<p>Concorr\u00eancia P\u00fablica n\u00ba 06\/2023 \u2013 fica adiada para 16\/05\/2023, \u00e0s 11h00min.<\/p>\n\n\n\n<p>Amanda Santos de Oliveira<\/p>\n\n\n\n<p>Presidente da CPL<\/p>\n","protected":false},"excerpt":{"rendered":"<p>A Prefeitura de Uni\u00e3o dos Palmares informa que, em decorr\u00eancia da publica\u00e7\u00e3o no Di\u00e1rio da Uni\u00e3o ter sido divulgada com atraso, ficam adiadas as aberturas dos processos a seguir, em cumprimento \u00e0 al\u00ednea \u201ca\u201d, inciso II do \u00a7 2\u00b0 da Lei n\u00b0 8.666\/93, salientando que n\u00e3o houve quaisquer altera\u00e7\u00f5es nos editais ou nos projetos b\u00e1sicos: [&hellip;]<\/p>\n","protected":false},"author":5,"featured_media":0,"comment_status":"open","ping_status":"open","sticky":false,"template":"","format":"standard","meta":{"footnotes":""},"categories":[1],"tags":[],"class_list":["post-1372","post","type-post","status-publish","format-standard","hentry","category-licitacoes"],"_links":{"self":[{"href":"https:\/\/www.diariomunicipal-al.com.br\/uniao\/wp-json\/wp\/v2\/posts\/1372","targetHints":{"allow":["GET"]}}],"collection":[{"href":"https:\/\/www.diariomunicipal-al.com.br\/uniao\/wp-json\/wp\/v2\/posts"}],"about":[{"href":"https:\/\/www.diariomunicipal-al.com.br\/uniao\/wp-json\/wp\/v2\/types\/post"}],"author":[{"embeddable":true,"href":"https:\/\/www.diariomunicipal-al.com.br\/uniao\/wp-json\/wp\/v2\/users\/5"}],"replies":[{"embeddable":true,"href":"https:\/\/www.diariomunicipal-al.com.br\/uniao\/wp-json\/wp\/v2\/comments?post=1372"}],"version-history":[{"count":1,"href":"https:\/\/www.diariomunicipal-al.com.br\/uniao\/wp-json\/wp\/v2\/posts\/1372\/revisions"}],"predecessor-version":[{"id":1373,"href":"https:\/\/www.diariomunicipal-al.com.br\/uniao\/wp-json\/wp\/v2\/posts\/1372\/revisions\/1373"}],"wp:attachment":[{"href":"https:\/\/www.diariomunicipal-al.com.br\/uniao\/wp-json\/wp\/v2\/media?parent=1372"}],"wp:term":[{"taxonomy":"category","embeddable":true,"href":"https:\/\/www.diariomunicipal-al.com.br\/uniao\/wp-json\/wp\/v2\/categories?post=1372"},{"taxonomy":"post_tag","embeddable":true,"href":"https:\/\/www.diariomunicipal-al.com.br\/uniao\/wp-json\/wp\/v2\/tags?post=1372"}],"curies":[{"name":"wp","href":"https:\/\/api.w.org\/{rel}","templated":true}]}}