{"id":1595,"date":"2023-06-16T08:40:00","date_gmt":"2023-06-16T11:40:00","guid":{"rendered":"https:\/\/www.diariomunicipal-al.com.br\/uniao\/?p=1595"},"modified":"2023-06-16T12:44:20","modified_gmt":"2023-06-16T15:44:20","slug":"lista-de-candidaturas-habilitadas-ao-processo-de-escolha-2023-definitiva","status":"publish","type":"post","link":"https:\/\/www.diariomunicipal-al.com.br\/uniao\/lista-de-candidaturas-habilitadas-ao-processo-de-escolha-2023-definitiva\/","title":{"rendered":"LISTA DE CANDIDATURAS HABILITADAS AO PROCESSO DE ESCOLHA 2023 &#8211; DEFINITIVA"},"content":{"rendered":"\n<p>A Comiss\u00e3o Eleitoral para o processo de escolha dos membros do Conselho Tutelar de Uni\u00e3o dos Palmares, Alagoas, TORNA P\u00daBLICA a lista definitiva de candidatos habilitados e n\u00e3o habilitados ao pleito 2023, nos termos do Edital 01\/23.<\/p>\n\n\n\n<div data-wp-interactive=\"core\/file\" class=\"wp-block-file\"><object data-wp-bind--hidden=\"!state.hasPdfPreview\" hidden class=\"wp-block-file__embed\" data=\"https:\/\/www.diariomunicipal-al.com.br\/uniao\/wp-content\/uploads\/2023\/06\/LISTA-DEFINITIVA-DOS-CANDIDATOS-COM-INSCRICOES-DEFERIDAS.pdf\" type=\"application\/pdf\" style=\"width:100%;height:600px\" aria-label=\"Incorporado de Incorporado de LISTA DEFINITIVA DOS CANDIDATOS COM INSCRI\u00c7\u00d5ES DEFERIDAS..\"><\/object><a href=\"https:\/\/www.diariomunicipal-al.com.br\/uniao\/wp-content\/uploads\/2023\/06\/LISTA-DEFINITIVA-DOS-CANDIDATOS-COM-INSCRICOES-DEFERIDAS.pdf\">LISTA DEFINITIVA DOS CANDIDATOS COM INSCRI\u00c7\u00d5ES DEFERIDAS<\/a><a href=\"https:\/\/www.diariomunicipal-al.com.br\/uniao\/wp-content\/uploads\/2023\/06\/LISTA-DEFINITIVA-DOS-CANDIDATOS-COM-INSCRICOES-DEFERIDAS.pdf\" class=\"wp-block-file__button\" download>Baixar<\/a><\/div>\n","protected":false},"excerpt":{"rendered":"<p>A Comiss\u00e3o Eleitoral para o processo de escolha dos membros do Conselho Tutelar de Uni\u00e3o dos Palmares, Alagoas, TORNA P\u00daBLICA a lista definitiva de candidatos habilitados e n\u00e3o habilitados ao pleito 2023, nos termos do Edital 01\/23.<\/p>\n","protected":false},"author":2,"featured_media":0,"comment_status":"open","ping_status":"open","sticky":false,"template":"","format":"standard","meta":{"footnotes":""},"categories":[1],"tags":[],"class_list":["post-1595","post","type-post","status-publish","format-standard","hentry","category-licitacoes"],"_links":{"self":[{"href":"https:\/\/www.diariomunicipal-al.com.br\/uniao\/wp-json\/wp\/v2\/posts\/1595","targetHints":{"allow":["GET"]}}],"collection":[{"href":"https:\/\/www.diariomunicipal-al.com.br\/uniao\/wp-json\/wp\/v2\/posts"}],"about":[{"href":"https:\/\/www.diariomunicipal-al.com.br\/uniao\/wp-json\/wp\/v2\/types\/post"}],"author":[{"embeddable":true,"href":"https:\/\/www.diariomunicipal-al.com.br\/uniao\/wp-json\/wp\/v2\/users\/2"}],"replies":[{"embeddable":true,"href":"https:\/\/www.diariomunicipal-al.com.br\/uniao\/wp-json\/wp\/v2\/comments?post=1595"}],"version-history":[{"count":1,"href":"https:\/\/www.diariomunicipal-al.com.br\/uniao\/wp-json\/wp\/v2\/posts\/1595\/revisions"}],"predecessor-version":[{"id":1597,"href":"https:\/\/www.diariomunicipal-al.com.br\/uniao\/wp-json\/wp\/v2\/posts\/1595\/revisions\/1597"}],"wp:attachment":[{"href":"https:\/\/www.diariomunicipal-al.com.br\/uniao\/wp-json\/wp\/v2\/media?parent=1595"}],"wp:term":[{"taxonomy":"category","embeddable":true,"href":"https:\/\/www.diariomunicipal-al.com.br\/uniao\/wp-json\/wp\/v2\/categories?post=1595"},{"taxonomy":"post_tag","embeddable":true,"href":"https:\/\/www.diariomunicipal-al.com.br\/uniao\/wp-json\/wp\/v2\/tags?post=1595"}],"curies":[{"name":"wp","href":"https:\/\/api.w.org\/{rel}","templated":true}]}}