{"id":1709,"date":"2023-05-30T13:00:00","date_gmt":"2023-05-30T16:00:00","guid":{"rendered":"https:\/\/www.diariomunicipal-al.com.br\/uniao\/?p=1709"},"modified":"2023-08-02T13:14:25","modified_gmt":"2023-08-02T16:14:25","slug":"portaria-n-057-de-30-de-maio-de-2023","status":"publish","type":"post","link":"https:\/\/www.diariomunicipal-al.com.br\/uniao\/portaria-n-057-de-30-de-maio-de-2023\/","title":{"rendered":"PORTARIA N\u00b0 057, DE 30 DE MAIO DE 2023."},"content":{"rendered":"\n<p>Exonera\u00e7\u00e3o, a pedido, de servidor p\u00fablico municipal.<\/p>\n\n\n\n<p><\/p>\n\n\n\n<p>O PREFEITO DE UNI\u00c3O DOS PALMARES, ESTADO DE ALAGOAS, no uso de suas atribui\u00e7\u00f5es que lhe s\u00e3o conferidas pela Lei Org\u00e2nica Municipal, art. 100; <\/p>\n\n\n\n<p>CONSIDERANDO o art. 34, caput, da Lei Municipal n\u00ba 1.072\/2006 &#8211; Regime Jur\u00eddico \u00danico dos servidores estatut\u00e1rios do Munic\u00edpio, das autarquias e das funda\u00e7\u00f5es municipais; <\/p>\n\n\n\n<p>CONSIDERANDO os autos do Processo Administrativo 1001053002752023, e parecer favor\u00e1vel da Procuradoria Geral do Munic\u00edpio; <\/p>\n\n\n\n<p>RESOLVE:<\/p>\n\n\n\n<p>Art. 1\u00ba Exonerar, a pedido, o servidor ANT\u00d4NIO PAULO CAVALCANTE BUARQUE, CPF n\u00ba 008.031.564-05, matr\u00edcula 7179, do cargo efetivo de Professor, lotado na Secretaria Municipal de Educa\u00e7\u00e3o. <\/p>\n\n\n\n<p>Art. 2\u00ba Esta portaria entra em vigor na data de sua publica\u00e7\u00e3o, revogadas as disposi\u00e7\u00f5es em contr\u00e1rio. <\/p>\n\n\n\n<p><\/p>\n\n\n\n<p>Uni\u00e3o dos Palmares, Alagoas, em 30 de maio de 2023.<\/p>\n\n\n\n<p><\/p>\n\n\n\n<p>ARESKI DAMARA DE OMENA FREITAS JUNIOR<\/p>\n\n\n\n<p>Prefeito<\/p>\n","protected":false},"excerpt":{"rendered":"<p>Exonera\u00e7\u00e3o, a pedido, de servidor p\u00fablico municipal. O PREFEITO DE UNI\u00c3O DOS PALMARES, ESTADO DE ALAGOAS, no uso de suas atribui\u00e7\u00f5es que lhe s\u00e3o conferidas pela Lei Org\u00e2nica Municipal, art. 100; CONSIDERANDO o art. 34, caput, da Lei Municipal n\u00ba 1.072\/2006 &#8211; Regime Jur\u00eddico \u00danico dos servidores estatut\u00e1rios do Munic\u00edpio, das autarquias e das funda\u00e7\u00f5es [&hellip;]<\/p>\n","protected":false},"author":2,"featured_media":0,"comment_status":"open","ping_status":"open","sticky":false,"template":"","format":"standard","meta":{"footnotes":""},"categories":[6],"tags":[],"class_list":["post-1709","post","type-post","status-publish","format-standard","hentry","category-portarias"],"_links":{"self":[{"href":"https:\/\/www.diariomunicipal-al.com.br\/uniao\/wp-json\/wp\/v2\/posts\/1709","targetHints":{"allow":["GET"]}}],"collection":[{"href":"https:\/\/www.diariomunicipal-al.com.br\/uniao\/wp-json\/wp\/v2\/posts"}],"about":[{"href":"https:\/\/www.diariomunicipal-al.com.br\/uniao\/wp-json\/wp\/v2\/types\/post"}],"author":[{"embeddable":true,"href":"https:\/\/www.diariomunicipal-al.com.br\/uniao\/wp-json\/wp\/v2\/users\/2"}],"replies":[{"embeddable":true,"href":"https:\/\/www.diariomunicipal-al.com.br\/uniao\/wp-json\/wp\/v2\/comments?post=1709"}],"version-history":[{"count":1,"href":"https:\/\/www.diariomunicipal-al.com.br\/uniao\/wp-json\/wp\/v2\/posts\/1709\/revisions"}],"predecessor-version":[{"id":1710,"href":"https:\/\/www.diariomunicipal-al.com.br\/uniao\/wp-json\/wp\/v2\/posts\/1709\/revisions\/1710"}],"wp:attachment":[{"href":"https:\/\/www.diariomunicipal-al.com.br\/uniao\/wp-json\/wp\/v2\/media?parent=1709"}],"wp:term":[{"taxonomy":"category","embeddable":true,"href":"https:\/\/www.diariomunicipal-al.com.br\/uniao\/wp-json\/wp\/v2\/categories?post=1709"},{"taxonomy":"post_tag","embeddable":true,"href":"https:\/\/www.diariomunicipal-al.com.br\/uniao\/wp-json\/wp\/v2\/tags?post=1709"}],"curies":[{"name":"wp","href":"https:\/\/api.w.org\/{rel}","templated":true}]}}