{"id":1890,"date":"2023-09-25T20:03:16","date_gmt":"2023-09-25T23:03:16","guid":{"rendered":"https:\/\/www.diariomunicipal-al.com.br\/uniao\/?p=1890"},"modified":"2023-09-25T20:03:16","modified_gmt":"2023-09-25T23:03:16","slug":"aviso-de-revogacao-pregao-eletronico-n-20-2023","status":"publish","type":"post","link":"https:\/\/www.diariomunicipal-al.com.br\/uniao\/aviso-de-revogacao-pregao-eletronico-n-20-2023\/","title":{"rendered":"AVISO DE REVOGA\u00c7\u00c3O \u2013 PREG\u00c3O ELETR\u00d4NICO N\u00b0 20\/2023"},"content":{"rendered":"\n<p>O Prefeito de Uni\u00e3o dos Palmares, no uso de suas atribui\u00e7\u00f5es estatut\u00e1rias e com fundamento no artigo 49 da Lei 8.666\/93, bem como nas justificativas apresentadas em recurso administrativo, torna p\u00fablico a revoga\u00e7\u00e3o do Preg\u00e3o Eletr\u00f4nico n\u00b0 20\/2023, cujo objeto \u00e9 a contrata\u00e7\u00e3o de empresa especializada para a constru\u00e7\u00e3o e implanta\u00e7\u00e3o de usinas solares fotovoltaicas, por conveni\u00eancia administrativa, tendo em vista as altera\u00e7\u00f5es no Termo de Refer\u00eancia.<\/p>\n\n\n\n<p>Uni\u00e3o dos Palmares\/AL, 25 de setembro de 2023.<\/p>\n\n\n\n<p>Areski D\u00e2mara de Omena Freitas Junior<\/p>\n\n\n\n<p>Prefeito<\/p>\n","protected":false},"excerpt":{"rendered":"<p>O Prefeito de Uni\u00e3o dos Palmares, no uso de suas atribui\u00e7\u00f5es estatut\u00e1rias e com fundamento no artigo 49 da Lei 8.666\/93, bem como nas justificativas apresentadas em recurso administrativo, torna p\u00fablico a revoga\u00e7\u00e3o do Preg\u00e3o Eletr\u00f4nico n\u00b0 20\/2023, cujo objeto \u00e9 a contrata\u00e7\u00e3o de empresa especializada para a constru\u00e7\u00e3o e implanta\u00e7\u00e3o de usinas solares fotovoltaicas, [&hellip;]<\/p>\n","protected":false},"author":5,"featured_media":0,"comment_status":"open","ping_status":"open","sticky":false,"template":"","format":"standard","meta":{"footnotes":""},"categories":[1],"tags":[],"class_list":["post-1890","post","type-post","status-publish","format-standard","hentry","category-licitacoes"],"_links":{"self":[{"href":"https:\/\/www.diariomunicipal-al.com.br\/uniao\/wp-json\/wp\/v2\/posts\/1890","targetHints":{"allow":["GET"]}}],"collection":[{"href":"https:\/\/www.diariomunicipal-al.com.br\/uniao\/wp-json\/wp\/v2\/posts"}],"about":[{"href":"https:\/\/www.diariomunicipal-al.com.br\/uniao\/wp-json\/wp\/v2\/types\/post"}],"author":[{"embeddable":true,"href":"https:\/\/www.diariomunicipal-al.com.br\/uniao\/wp-json\/wp\/v2\/users\/5"}],"replies":[{"embeddable":true,"href":"https:\/\/www.diariomunicipal-al.com.br\/uniao\/wp-json\/wp\/v2\/comments?post=1890"}],"version-history":[{"count":1,"href":"https:\/\/www.diariomunicipal-al.com.br\/uniao\/wp-json\/wp\/v2\/posts\/1890\/revisions"}],"predecessor-version":[{"id":1891,"href":"https:\/\/www.diariomunicipal-al.com.br\/uniao\/wp-json\/wp\/v2\/posts\/1890\/revisions\/1891"}],"wp:attachment":[{"href":"https:\/\/www.diariomunicipal-al.com.br\/uniao\/wp-json\/wp\/v2\/media?parent=1890"}],"wp:term":[{"taxonomy":"category","embeddable":true,"href":"https:\/\/www.diariomunicipal-al.com.br\/uniao\/wp-json\/wp\/v2\/categories?post=1890"},{"taxonomy":"post_tag","embeddable":true,"href":"https:\/\/www.diariomunicipal-al.com.br\/uniao\/wp-json\/wp\/v2\/tags?post=1890"}],"curies":[{"name":"wp","href":"https:\/\/api.w.org\/{rel}","templated":true}]}}