{"id":1968,"date":"2023-10-26T11:21:46","date_gmt":"2023-10-26T14:21:46","guid":{"rendered":"https:\/\/www.diariomunicipal-al.com.br\/uniao\/?p=1968"},"modified":"2023-10-26T11:21:46","modified_gmt":"2023-10-26T14:21:46","slug":"decreto-no-29-de-26-de-outubro-de-2023","status":"publish","type":"post","link":"https:\/\/www.diariomunicipal-al.com.br\/uniao\/decreto-no-29-de-26-de-outubro-de-2023\/","title":{"rendered":"DECRETO N\u00ba 29, DE 26 DE OUTUBRO DE 2023."},"content":{"rendered":"\n<p>Decreta ponto facultativo nas reparti\u00e7\u00f5es p\u00fablicas no dia 3 de novembro de 2023.<\/p>\n\n\n\n<p><\/p>\n\n\n\n<p><strong>O PREFEITO DE UNI\u00c3O DOS PALMARES, ESTADO DE ALAGOAS, <\/strong>no uso de suas atribui\u00e7\u00f5es que lhe s\u00e3o conferidas pela Lei Org\u00e2nica Municipal;<\/p>\n\n\n\n<p><strong>CONSIDERANDO <\/strong>o Decreto Municipal n\u00ba 032\/2022, de 30 de dezembro de 2022, que disp\u00f5e sobre os feriados nacionais, estaduais e municipais em 2023, bem como os pontos facultativos para Administra\u00e7\u00e3o P\u00fablica de Uni\u00e3o dos Palmares;<\/p>\n\n\n\n<p><\/p>\n\n\n\n<p><strong>DECRETA:<\/strong><\/p>\n\n\n\n<p><\/p>\n\n\n\n<p><strong>Art. 1\u00ba <\/strong>Ponto facultativo nas reparti\u00e7\u00f5es p\u00fablicas jurisdicionadas ao Munic\u00edpio de Uni\u00e3o dos Palmares, Alagoas, no dia <strong>3 de novembro de 2023<\/strong> (sexta-feira).<\/p>\n\n\n\n<p><strong>Art. 2\u00ba <\/strong>Fica autorizada a organiza\u00e7\u00e3o de escalas de trabalho para atendimento dos servi\u00e7os essenciais impedidos de sofrer interrup\u00e7\u00f5es, tais como: servi\u00e7os de sa\u00fade, coleta di\u00e1ria de lixo e vigil\u00e2ncia de pr\u00e9dios p\u00fablicos, desde que n\u00e3o incorra em \u00f4nus ao Munic\u00edpio.<\/p>\n\n\n\n<p><strong>Art. 3\u00ba <\/strong>Este decreto entra em vigor na data de sua publica\u00e7\u00e3o, revogadas as disposi\u00e7\u00f5es em contr\u00e1rio.<\/p>\n\n\n\n<p><\/p>\n\n\n\n<p>PAL\u00c1CIO MUNICIPAL ZUMBI DOS PALMARES, em Uni\u00e3o dos Palmares,\u00a026 de outubro de 2023, 193\u00ba da Emancipa\u00e7\u00e3o Pol\u00edtica e 134\u00ba da Rep\u00fablica.<\/p>\n\n\n\n<p><\/p>\n\n\n\n<p>ARESKI DAMARA DE OMENA FREITAS JUNIOR<\/p>\n\n\n\n<p>Prefeito<\/p>\n","protected":false},"excerpt":{"rendered":"<p>Decreta ponto facultativo nas reparti\u00e7\u00f5es p\u00fablicas no dia 3 de novembro de 2023. O PREFEITO DE UNI\u00c3O DOS PALMARES, ESTADO DE ALAGOAS, no uso de suas atribui\u00e7\u00f5es que lhe s\u00e3o conferidas pela Lei Org\u00e2nica Municipal; CONSIDERANDO o Decreto Municipal n\u00ba 032\/2022, de 30 de dezembro de 2022, que disp\u00f5e sobre os feriados nacionais, estaduais e [&hellip;]<\/p>\n","protected":false},"author":2,"featured_media":0,"comment_status":"open","ping_status":"open","sticky":false,"template":"","format":"standard","meta":{"footnotes":""},"categories":[8],"tags":[],"class_list":["post-1968","post","type-post","status-publish","format-standard","hentry","category-decretos"],"_links":{"self":[{"href":"https:\/\/www.diariomunicipal-al.com.br\/uniao\/wp-json\/wp\/v2\/posts\/1968","targetHints":{"allow":["GET"]}}],"collection":[{"href":"https:\/\/www.diariomunicipal-al.com.br\/uniao\/wp-json\/wp\/v2\/posts"}],"about":[{"href":"https:\/\/www.diariomunicipal-al.com.br\/uniao\/wp-json\/wp\/v2\/types\/post"}],"author":[{"embeddable":true,"href":"https:\/\/www.diariomunicipal-al.com.br\/uniao\/wp-json\/wp\/v2\/users\/2"}],"replies":[{"embeddable":true,"href":"https:\/\/www.diariomunicipal-al.com.br\/uniao\/wp-json\/wp\/v2\/comments?post=1968"}],"version-history":[{"count":1,"href":"https:\/\/www.diariomunicipal-al.com.br\/uniao\/wp-json\/wp\/v2\/posts\/1968\/revisions"}],"predecessor-version":[{"id":1969,"href":"https:\/\/www.diariomunicipal-al.com.br\/uniao\/wp-json\/wp\/v2\/posts\/1968\/revisions\/1969"}],"wp:attachment":[{"href":"https:\/\/www.diariomunicipal-al.com.br\/uniao\/wp-json\/wp\/v2\/media?parent=1968"}],"wp:term":[{"taxonomy":"category","embeddable":true,"href":"https:\/\/www.diariomunicipal-al.com.br\/uniao\/wp-json\/wp\/v2\/categories?post=1968"},{"taxonomy":"post_tag","embeddable":true,"href":"https:\/\/www.diariomunicipal-al.com.br\/uniao\/wp-json\/wp\/v2\/tags?post=1968"}],"curies":[{"name":"wp","href":"https:\/\/api.w.org\/{rel}","templated":true}]}}