{"id":1998,"date":"2023-11-14T21:02:45","date_gmt":"2023-11-15T00:02:45","guid":{"rendered":"https:\/\/www.diariomunicipal-al.com.br\/uniao\/?p=1998"},"modified":"2023-11-14T21:02:45","modified_gmt":"2023-11-15T00:02:45","slug":"resultado-do-edital-de-fomento-ao-audiovisual-jorge-de-lima-no-005-2023","status":"publish","type":"post","link":"https:\/\/www.diariomunicipal-al.com.br\/uniao\/resultado-do-edital-de-fomento-ao-audiovisual-jorge-de-lima-no-005-2023\/","title":{"rendered":"RESULTADO DO EDITAL DE FOMENTO AO AUDIOVISUAL JORGE DE LIMA N\u00ba 005\/2023"},"content":{"rendered":"\n<p>A SECRETARIA DE CULTURA NO USO DE SUAS ATRIBUI\u00c7\u00d5ES, VEM POR MEIO DESTE TORNAR P\u00daBLICO O RESULTADO DO EDITAL DE FOMENTO AO AUDIOVISUAL JORGE DE LIMA N\u00ba 005\/2023.<\/p>\n\n\n\n<div data-wp-interactive=\"core\/file\" class=\"wp-block-file\"><object data-wp-bind--hidden=\"!state.hasPdfPreview\" hidden class=\"wp-block-file__embed\" data=\"https:\/\/www.diariomunicipal-al.com.br\/uniao\/wp-content\/uploads\/2023\/11\/RESULTADO-EDITAL-DE-FOMENTO-AO-AUDIOVISUAL-JORGE-DE-LIMA-No-005.pdf\" type=\"application\/pdf\" style=\"width:100%;height:600px\" aria-label=\"Incorporado de Incorporado de RESULTADO-EDITAL-DE-FOMENTO-AO-AUDIOVISUAL-JORGE-DE-LIMA-No-005..\"><\/object><a href=\"https:\/\/www.diariomunicipal-al.com.br\/uniao\/wp-content\/uploads\/2023\/11\/RESULTADO-EDITAL-DE-FOMENTO-AO-AUDIOVISUAL-JORGE-DE-LIMA-No-005.pdf\">RESULTADO-EDITAL-DE-FOMENTO-AO-AUDIOVISUAL-JORGE-DE-LIMA-No-005<\/a><a href=\"https:\/\/www.diariomunicipal-al.com.br\/uniao\/wp-content\/uploads\/2023\/11\/RESULTADO-EDITAL-DE-FOMENTO-AO-AUDIOVISUAL-JORGE-DE-LIMA-No-005.pdf\" class=\"wp-block-file__button\" download>Baixar<\/a><\/div>\n","protected":false},"excerpt":{"rendered":"<p>A SECRETARIA DE CULTURA NO USO DE SUAS ATRIBUI\u00c7\u00d5ES, VEM POR MEIO DESTE TORNAR P\u00daBLICO O RESULTADO DO EDITAL DE FOMENTO AO AUDIOVISUAL JORGE DE LIMA N\u00ba 005\/2023.<\/p>\n","protected":false},"author":2,"featured_media":0,"comment_status":"open","ping_status":"open","sticky":false,"template":"","format":"standard","meta":{"footnotes":""},"categories":[3],"tags":[],"class_list":["post-1998","post","type-post","status-publish","format-standard","hentry","category-edital"],"_links":{"self":[{"href":"https:\/\/www.diariomunicipal-al.com.br\/uniao\/wp-json\/wp\/v2\/posts\/1998","targetHints":{"allow":["GET"]}}],"collection":[{"href":"https:\/\/www.diariomunicipal-al.com.br\/uniao\/wp-json\/wp\/v2\/posts"}],"about":[{"href":"https:\/\/www.diariomunicipal-al.com.br\/uniao\/wp-json\/wp\/v2\/types\/post"}],"author":[{"embeddable":true,"href":"https:\/\/www.diariomunicipal-al.com.br\/uniao\/wp-json\/wp\/v2\/users\/2"}],"replies":[{"embeddable":true,"href":"https:\/\/www.diariomunicipal-al.com.br\/uniao\/wp-json\/wp\/v2\/comments?post=1998"}],"version-history":[{"count":1,"href":"https:\/\/www.diariomunicipal-al.com.br\/uniao\/wp-json\/wp\/v2\/posts\/1998\/revisions"}],"predecessor-version":[{"id":2000,"href":"https:\/\/www.diariomunicipal-al.com.br\/uniao\/wp-json\/wp\/v2\/posts\/1998\/revisions\/2000"}],"wp:attachment":[{"href":"https:\/\/www.diariomunicipal-al.com.br\/uniao\/wp-json\/wp\/v2\/media?parent=1998"}],"wp:term":[{"taxonomy":"category","embeddable":true,"href":"https:\/\/www.diariomunicipal-al.com.br\/uniao\/wp-json\/wp\/v2\/categories?post=1998"},{"taxonomy":"post_tag","embeddable":true,"href":"https:\/\/www.diariomunicipal-al.com.br\/uniao\/wp-json\/wp\/v2\/tags?post=1998"}],"curies":[{"name":"wp","href":"https:\/\/api.w.org\/{rel}","templated":true}]}}