{"id":2005,"date":"2023-11-21T23:31:28","date_gmt":"2023-11-22T02:31:28","guid":{"rendered":"https:\/\/www.diariomunicipal-al.com.br\/uniao\/?p=2005"},"modified":"2023-11-21T23:31:28","modified_gmt":"2023-11-22T02:31:28","slug":"resposta-a-esclarecimentos-concorrencia-10-2023","status":"publish","type":"post","link":"https:\/\/www.diariomunicipal-al.com.br\/uniao\/resposta-a-esclarecimentos-concorrencia-10-2023\/","title":{"rendered":"Resposta a Esclarecimentos \u2013 Concorr\u00eancia 10\/2023"},"content":{"rendered":"\n<p><a>A Prefeitura de Uni\u00e3o dos Palmares informa, ap\u00f3s pedido de esclarecimentos referente \u00e0 Concorr\u00eancia P\u00fablica n\u00ba 10\/2023:<\/a><\/p>\n\n\n\n<p>1. O quantitativo do modelo de proposta e minuta da ata servir\u00e1 apenas como refer\u00eancia e o quantitativo correto \u00e9 22.500M\u00b2, conforme demonstrada na planilha;<\/p>\n\n\n\n<p>2. A composi\u00e7\u00e3o de BDI, anexo i-c do edital \u00e9 de 31,29%, mesmo percentual aplicado na planilha de refer\u00eancia.<\/p>\n\n\n\n<p>3. N\u00e3o havendo altera\u00e7\u00f5es de edital, mantem-se a data de abertura inicialmente publicada.<\/p>\n\n\n\n<p>Amanda Santos de Oliveira<\/p>\n\n\n\n<p>Presidente da CPL<\/p>\n","protected":false},"excerpt":{"rendered":"<p>A Prefeitura de Uni\u00e3o dos Palmares informa, ap\u00f3s pedido de esclarecimentos referente \u00e0 Concorr\u00eancia P\u00fablica n\u00ba 10\/2023: 1. O quantitativo do modelo de proposta e minuta da ata servir\u00e1 apenas como refer\u00eancia e o quantitativo correto \u00e9 22.500M\u00b2, conforme demonstrada na planilha; 2. A composi\u00e7\u00e3o de BDI, anexo i-c do edital \u00e9 de 31,29%, mesmo [&hellip;]<\/p>\n","protected":false},"author":5,"featured_media":0,"comment_status":"open","ping_status":"open","sticky":false,"template":"","format":"standard","meta":{"footnotes":""},"categories":[1],"tags":[],"class_list":["post-2005","post","type-post","status-publish","format-standard","hentry","category-licitacoes"],"_links":{"self":[{"href":"https:\/\/www.diariomunicipal-al.com.br\/uniao\/wp-json\/wp\/v2\/posts\/2005","targetHints":{"allow":["GET"]}}],"collection":[{"href":"https:\/\/www.diariomunicipal-al.com.br\/uniao\/wp-json\/wp\/v2\/posts"}],"about":[{"href":"https:\/\/www.diariomunicipal-al.com.br\/uniao\/wp-json\/wp\/v2\/types\/post"}],"author":[{"embeddable":true,"href":"https:\/\/www.diariomunicipal-al.com.br\/uniao\/wp-json\/wp\/v2\/users\/5"}],"replies":[{"embeddable":true,"href":"https:\/\/www.diariomunicipal-al.com.br\/uniao\/wp-json\/wp\/v2\/comments?post=2005"}],"version-history":[{"count":1,"href":"https:\/\/www.diariomunicipal-al.com.br\/uniao\/wp-json\/wp\/v2\/posts\/2005\/revisions"}],"predecessor-version":[{"id":2006,"href":"https:\/\/www.diariomunicipal-al.com.br\/uniao\/wp-json\/wp\/v2\/posts\/2005\/revisions\/2006"}],"wp:attachment":[{"href":"https:\/\/www.diariomunicipal-al.com.br\/uniao\/wp-json\/wp\/v2\/media?parent=2005"}],"wp:term":[{"taxonomy":"category","embeddable":true,"href":"https:\/\/www.diariomunicipal-al.com.br\/uniao\/wp-json\/wp\/v2\/categories?post=2005"},{"taxonomy":"post_tag","embeddable":true,"href":"https:\/\/www.diariomunicipal-al.com.br\/uniao\/wp-json\/wp\/v2\/tags?post=2005"}],"curies":[{"name":"wp","href":"https:\/\/api.w.org\/{rel}","templated":true}]}}