{"id":2140,"date":"2024-01-10T11:57:25","date_gmt":"2024-01-10T14:57:25","guid":{"rendered":"https:\/\/www.diariomunicipal-al.com.br\/uniao\/?p=2140"},"modified":"2024-01-10T11:57:25","modified_gmt":"2024-01-10T14:57:25","slug":"portaria-no-09-2024-8-de-janeiro-de-2024","status":"publish","type":"post","link":"https:\/\/www.diariomunicipal-al.com.br\/uniao\/portaria-no-09-2024-8-de-janeiro-de-2024\/","title":{"rendered":"PORTARIA N\u00ba 09\/2024, 8 DE JANEIRO DE 2024."},"content":{"rendered":"\n<p>Nomeia membro suplente do Conselho Tutelar de Uni\u00e3o dos Palmares, Alagoas, para o mandato de 2024 a 2028.<\/p>\n\n\n\n<p><\/p>\n\n\n\n<p><strong>O PREFEITO DE UNI\u00c3O DOS PALMARES<\/strong>, no uso de suas atribui\u00e7\u00f5es e prerrogativas legais;<\/p>\n\n\n\n<p><strong>CONSIDERANDO<\/strong> a Lei Federal n\u00ba 8.069, de 13 de julho de 1990 &#8211; Estatuto da Crian\u00e7a e do Adolescente, e suas altera\u00e7\u00f5es pela Lei n\u00ba 12.696\/2012;<\/p>\n\n\n\n<p><strong>CONSIDERANDO<\/strong> a Lei Municipal n\u00ba 1.492, de 29 de mar\u00e7o de 2023, que disp\u00f5e sobre a Pol\u00edtica Municipal de Atendimento dos Direitos da Crian\u00e7a e do Adolescente de Uni\u00e3o dos Palmares, e disciplina o processo de escolha e funcionamento do Conselho Tutelar deste Munic\u00edpio;<\/p>\n\n\n\n<p><strong>CONSIDERANDO<\/strong> o pleito realizado em 1\u00ba de outubro de 2023, no qual foi proclamada eleita a candidata Maria Elisabete de Souza com 1.159 votos v\u00e1lidos;<\/p>\n\n\n\n<p><\/p>\n\n\n\n<p><strong>RESOLVE:<\/strong><\/p>\n\n\n\n<p><\/p>\n\n\n\n<p><strong>Art. 1\u00ba <\/strong>Nomear a senhora <strong>MARIA ELISABETE DE SOUZA<\/strong>, CPF n\u00ba 021.239.704-41, como membro SUPLENTE do Conselho Tutelar de Uni\u00e3o dos Palmares, Alagoas, durante o mandato quadrienal de 10 de janeiro de 2024 a 10 de janeiro de 2028.<\/p>\n\n\n\n<p><strong>Art. 2\u00ba<\/strong> Esta portaria entra em vigor na data de sua publica\u00e7\u00e3o, produzindo seus efeitos a partir de 10 de janeiro de 2024.<\/p>\n\n\n\n<p><\/p>\n\n\n\n<p>Uni\u00e3o dos Palmares, Alagoas, em 8 de janeiro de 2024.<\/p>\n\n\n\n<p><\/p>\n\n\n\n<p><strong>ARESKI DAMARA DE OMENA FREITAS JUNIOR<\/strong><\/p>\n\n\n\n<p>Prefeito<\/p>\n","protected":false},"excerpt":{"rendered":"<p>Nomeia membro suplente do Conselho Tutelar de Uni\u00e3o dos Palmares, Alagoas, para o mandato de 2024 a 2028. O PREFEITO DE UNI\u00c3O DOS PALMARES, no uso de suas atribui\u00e7\u00f5es e prerrogativas legais; CONSIDERANDO a Lei Federal n\u00ba 8.069, de 13 de julho de 1990 &#8211; Estatuto da Crian\u00e7a e do Adolescente, e suas altera\u00e7\u00f5es pela [&hellip;]<\/p>\n","protected":false},"author":2,"featured_media":0,"comment_status":"open","ping_status":"open","sticky":false,"template":"","format":"standard","meta":{"footnotes":""},"categories":[6],"tags":[],"class_list":["post-2140","post","type-post","status-publish","format-standard","hentry","category-portarias"],"_links":{"self":[{"href":"https:\/\/www.diariomunicipal-al.com.br\/uniao\/wp-json\/wp\/v2\/posts\/2140","targetHints":{"allow":["GET"]}}],"collection":[{"href":"https:\/\/www.diariomunicipal-al.com.br\/uniao\/wp-json\/wp\/v2\/posts"}],"about":[{"href":"https:\/\/www.diariomunicipal-al.com.br\/uniao\/wp-json\/wp\/v2\/types\/post"}],"author":[{"embeddable":true,"href":"https:\/\/www.diariomunicipal-al.com.br\/uniao\/wp-json\/wp\/v2\/users\/2"}],"replies":[{"embeddable":true,"href":"https:\/\/www.diariomunicipal-al.com.br\/uniao\/wp-json\/wp\/v2\/comments?post=2140"}],"version-history":[{"count":1,"href":"https:\/\/www.diariomunicipal-al.com.br\/uniao\/wp-json\/wp\/v2\/posts\/2140\/revisions"}],"predecessor-version":[{"id":2141,"href":"https:\/\/www.diariomunicipal-al.com.br\/uniao\/wp-json\/wp\/v2\/posts\/2140\/revisions\/2141"}],"wp:attachment":[{"href":"https:\/\/www.diariomunicipal-al.com.br\/uniao\/wp-json\/wp\/v2\/media?parent=2140"}],"wp:term":[{"taxonomy":"category","embeddable":true,"href":"https:\/\/www.diariomunicipal-al.com.br\/uniao\/wp-json\/wp\/v2\/categories?post=2140"},{"taxonomy":"post_tag","embeddable":true,"href":"https:\/\/www.diariomunicipal-al.com.br\/uniao\/wp-json\/wp\/v2\/tags?post=2140"}],"curies":[{"name":"wp","href":"https:\/\/api.w.org\/{rel}","templated":true}]}}