{"id":2147,"date":"2024-01-11T13:47:50","date_gmt":"2024-01-11T16:47:50","guid":{"rendered":"https:\/\/www.diariomunicipal-al.com.br\/uniao\/?p=2147"},"modified":"2024-01-11T13:47:50","modified_gmt":"2024-01-11T16:47:50","slug":"edital-de-chamamento-para-autorizacao-de-uso-de-espaco-publico-e-autorizacao-de-exploracao-comercial-no-001-2024","status":"publish","type":"post","link":"https:\/\/www.diariomunicipal-al.com.br\/uniao\/edital-de-chamamento-para-autorizacao-de-uso-de-espaco-publico-e-autorizacao-de-exploracao-comercial-no-001-2024\/","title":{"rendered":"EDITAL DE CHAMAMENTO PARA AUTORIZA\u00c7\u00c3O DE USO DE ESPA\u00c7O P\u00daBLICO E AUTORIZA\u00c7\u00c3O DE EXPLORA\u00c7\u00c3O COMERCIAL N\u00ba 001\/2024"},"content":{"rendered":"\n<p>O Secret\u00e1rio Municipal Geral de Administra\u00e7\u00e3o de Uni\u00e3o dos Palmares, Alagoas, nos termos da legisla\u00e7\u00e3o vigente, torna P\u00daBLICO o presente Edital de Chamamento P\u00fablico para autoriza\u00e7\u00e3o de uso de espa\u00e7o p\u00fablico e autoriza\u00e7\u00e3o de explora\u00e7\u00e3o comercial na Pra\u00e7a Padre C\u00edcero, neste Munic\u00edpio.<\/p>\n\n\n\n<div data-wp-interactive=\"core\/file\" class=\"wp-block-file\"><object data-wp-bind--hidden=\"!state.hasPdfPreview\" hidden class=\"wp-block-file__embed\" data=\"https:\/\/www.diariomunicipal-al.com.br\/uniao\/wp-content\/uploads\/2024\/01\/EDITAL-DE-CHAMAMENTO-PUBLICO-No-001_2024.pdf\" type=\"application\/pdf\" style=\"width:100%;height:600px\" aria-label=\"Incorporado de Incorporado de EDITAL-DE-CHAMAMENTO-PUBLICO-No-001_2024..\"><\/object><a href=\"https:\/\/www.diariomunicipal-al.com.br\/uniao\/wp-content\/uploads\/2024\/01\/EDITAL-DE-CHAMAMENTO-PUBLICO-No-001_2024.pdf\">EDITAL-DE-CHAMAMENTO-PUBLICO-No-001_2024<\/a><a href=\"https:\/\/www.diariomunicipal-al.com.br\/uniao\/wp-content\/uploads\/2024\/01\/EDITAL-DE-CHAMAMENTO-PUBLICO-No-001_2024.pdf\" class=\"wp-block-file__button\" download>Baixar<\/a><\/div>\n","protected":false},"excerpt":{"rendered":"<p>O Secret\u00e1rio Municipal Geral de Administra\u00e7\u00e3o de Uni\u00e3o dos Palmares, Alagoas, nos termos da legisla\u00e7\u00e3o vigente, torna P\u00daBLICO o presente Edital de Chamamento P\u00fablico para autoriza\u00e7\u00e3o de uso de espa\u00e7o p\u00fablico e autoriza\u00e7\u00e3o de explora\u00e7\u00e3o comercial na Pra\u00e7a Padre C\u00edcero, neste Munic\u00edpio.<\/p>\n","protected":false},"author":2,"featured_media":0,"comment_status":"open","ping_status":"open","sticky":false,"template":"","format":"standard","meta":{"footnotes":""},"categories":[3],"tags":[],"class_list":["post-2147","post","type-post","status-publish","format-standard","hentry","category-edital"],"_links":{"self":[{"href":"https:\/\/www.diariomunicipal-al.com.br\/uniao\/wp-json\/wp\/v2\/posts\/2147","targetHints":{"allow":["GET"]}}],"collection":[{"href":"https:\/\/www.diariomunicipal-al.com.br\/uniao\/wp-json\/wp\/v2\/posts"}],"about":[{"href":"https:\/\/www.diariomunicipal-al.com.br\/uniao\/wp-json\/wp\/v2\/types\/post"}],"author":[{"embeddable":true,"href":"https:\/\/www.diariomunicipal-al.com.br\/uniao\/wp-json\/wp\/v2\/users\/2"}],"replies":[{"embeddable":true,"href":"https:\/\/www.diariomunicipal-al.com.br\/uniao\/wp-json\/wp\/v2\/comments?post=2147"}],"version-history":[{"count":1,"href":"https:\/\/www.diariomunicipal-al.com.br\/uniao\/wp-json\/wp\/v2\/posts\/2147\/revisions"}],"predecessor-version":[{"id":2149,"href":"https:\/\/www.diariomunicipal-al.com.br\/uniao\/wp-json\/wp\/v2\/posts\/2147\/revisions\/2149"}],"wp:attachment":[{"href":"https:\/\/www.diariomunicipal-al.com.br\/uniao\/wp-json\/wp\/v2\/media?parent=2147"}],"wp:term":[{"taxonomy":"category","embeddable":true,"href":"https:\/\/www.diariomunicipal-al.com.br\/uniao\/wp-json\/wp\/v2\/categories?post=2147"},{"taxonomy":"post_tag","embeddable":true,"href":"https:\/\/www.diariomunicipal-al.com.br\/uniao\/wp-json\/wp\/v2\/tags?post=2147"}],"curies":[{"name":"wp","href":"https:\/\/api.w.org\/{rel}","templated":true}]}}