{"id":2193,"date":"2024-01-22T12:39:53","date_gmt":"2024-01-22T15:39:53","guid":{"rendered":"https:\/\/www.diariomunicipal-al.com.br\/uniao\/?p=2193"},"modified":"2024-01-22T12:39:53","modified_gmt":"2024-01-22T15:39:53","slug":"lei-municipal-no-1-549-2024-22-de-janeiro-de-2024","status":"publish","type":"post","link":"https:\/\/www.diariomunicipal-al.com.br\/uniao\/lei-municipal-no-1-549-2024-22-de-janeiro-de-2024\/","title":{"rendered":"LEI MUNICIPAL N\u00ba 1.549\/2024, 22 DE JANEIRO DE 2024."},"content":{"rendered":"\n<p>Institui o t\u00edtulo de Patrim\u00f4nio Hist\u00f3rico Cultural Material e Imaterial no Munic\u00edpio de Uni\u00e3o dos Palmares, estabelece crit\u00e9rios para seu reconhecimento e d\u00e1 outras provid\u00eancias.<\/p>\n\n\n\n<p><\/p>\n\n\n\n<p><strong>O<\/strong> <strong>PREFEITO DE UNI\u00c3O DOS PALMARES, ALAGOAS, <\/strong>no uso das atribui\u00e7\u00f5es que lhe s\u00e3o conferidas por lei, faz saber que a C\u00e2mara Municipal decretou e eu sanciono a seguinte lei:<\/p>\n\n\n\n<p><strong>Art. 1\u00ba<\/strong> Fica institu\u00eddo o t\u00edtulo de Patrim\u00f4nio Hist\u00f3rico Cultural Material e Imaterial no Munic\u00edpio de Uni\u00e3o dos Palmares, com o objetivo de valorizar, preservar e reconhecer personalidades e entidades culturais e hist\u00f3ricas que contribu\u00edram e contribuem para a forma\u00e7\u00e3o e identidade da cidade.<\/p>\n\n\n\n<p><strong>Art. 2\u00ba <\/strong>O t\u00edtulo ser\u00e1 concedido a elementos de car\u00e1ter material e imaterial que possuam relev\u00e2ncia para a mem\u00f3ria, identidade e cultura do Munic\u00edpio de Uni\u00e3o dos Palmares.<\/p>\n\n\n\n<p><strong>Art. 3\u00ba <\/strong>Para receber o t\u00edtulo de Patrim\u00f4nio Hist\u00f3rico Cultural Material e Imaterial, as pessoas f\u00edsicas e jur\u00eddicas dever\u00e3o cumprir os seguintes crit\u00e9rios de reconhecimento:<\/p>\n\n\n\n<p><strong>I \u2013<\/strong> ter atua\u00e7\u00e3o relevante na preserva\u00e7\u00e3o, promo\u00e7\u00e3o ou difus\u00e3o das manifesta\u00e7\u00f5es culturais e hist\u00f3ricas do Munic\u00edpio de Uni\u00e3o dos Palmares;<\/p>\n\n\n\n<p><strong>II \u2013<\/strong> possuir comprovada notoriedade e reconhecimento p\u00fablico na \u00e1rea de atua\u00e7\u00e3o cultural e hist\u00f3rica;<\/p>\n\n\n\n<p><strong>III \u2013<\/strong> demonstrar comprometimento e dedica\u00e7\u00e3o \u00e0 valoriza\u00e7\u00e3o e conserva\u00e7\u00e3o do patrim\u00f4nio hist\u00f3rico e cultural do Munic\u00edpio;<\/p>\n\n\n\n<p><strong>IV \u2013<\/strong> n\u00e3o possuir hist\u00f3rico de atos que violem os princ\u00edpios e valores culturais e \u00e9ticos do Munic\u00edpio.<\/p>\n\n\n\n<p><strong>Art. 4\u00ba <\/strong>A concess\u00e3o do t\u00edtulo de Patrim\u00f4nio Hist\u00f3rico Cultural Material e Imaterial ser\u00e1 concedido pela C\u00e2mara de Vereadores de Uni\u00e3o dos Palmares, a partir de uma indica\u00e7\u00e3o feita por vereador, e aprovada em plen\u00e1rio.<\/p>\n\n\n\n<p><strong>\u00a7 1\u00ba<\/strong> A aprova\u00e7\u00e3o ocorrer\u00e1 atrav\u00e9s de sess\u00e3o ordin\u00e1ria na C\u00e2mara de Vereadores, e ser\u00e1 acompanhada de uma placa de homenagem e um diploma, atestando o reconhecimento e relev\u00e2ncia do trabalho desenvolvido pelo (a) homenageado (a).<\/p>\n\n\n\n<p><strong>\u00a7 2\u00ba<\/strong> O projeto ser\u00e1 acompanhado da biografia circunstanciada da pessoa que se deseja homenagear.<\/p>\n\n\n\n<p><strong>\u00a7 3\u00ba<\/strong> \u00c9 vedada a concess\u00e3o do t\u00edtulo a pessoas no exerc\u00edcio de mandato eletivo ou de cargos executivos por nomea\u00e7\u00e3o.<\/p>\n\n\n\n<p><strong>Art. 5\u00ba <\/strong>Os detentores do t\u00edtulo de Patrim\u00f4nio Hist\u00f3rico Cultural Material e Imaterial ser\u00e3o considerados refer\u00eancias no \u00e2mbito da cultura e hist\u00f3ria do Munic\u00edpio e ter\u00e3o seus nomes e a\u00e7\u00f5es divulgados e valorizados pela Administra\u00e7\u00e3o P\u00fablica Municipal.<\/p>\n\n\n\n<p><strong>Art. 6\u00ba <\/strong>A C\u00e2mara Municipal poder\u00e1 regulamentar, por meio de decreto legislativo, os procedimentos de concess\u00e3o do t\u00edtulo e a realiza\u00e7\u00e3o da cerim\u00f4nia.<\/p>\n\n\n\n<p><strong>Art. 7\u00ba <\/strong>Esta lei entra em vigor na data de sua publica\u00e7\u00e3o.<\/p>\n\n\n\n<p><\/p>\n\n\n\n<p>Uni\u00e3o dos Palmares, Alagoas, em 22 de janeiro de 2024.<\/p>\n\n\n\n<p><\/p>\n\n\n\n<p><strong>ARESKI DAMARA DE OMENA FREITAS JUNIOR<\/strong><\/p>\n\n\n\n<p>Prefeito<\/p>\n","protected":false},"excerpt":{"rendered":"<p>Institui o t\u00edtulo de Patrim\u00f4nio Hist\u00f3rico Cultural Material e Imaterial no Munic\u00edpio de Uni\u00e3o dos Palmares, estabelece crit\u00e9rios para seu reconhecimento e d\u00e1 outras provid\u00eancias. O PREFEITO DE UNI\u00c3O DOS PALMARES, ALAGOAS, no uso das atribui\u00e7\u00f5es que lhe s\u00e3o conferidas por lei, faz saber que a C\u00e2mara Municipal decretou e eu sanciono a seguinte lei: [&hellip;]<\/p>\n","protected":false},"author":2,"featured_media":0,"comment_status":"open","ping_status":"open","sticky":false,"template":"","format":"standard","meta":{"footnotes":""},"categories":[2],"tags":[],"class_list":["post-2193","post","type-post","status-publish","format-standard","hentry","category-leis"],"_links":{"self":[{"href":"https:\/\/www.diariomunicipal-al.com.br\/uniao\/wp-json\/wp\/v2\/posts\/2193","targetHints":{"allow":["GET"]}}],"collection":[{"href":"https:\/\/www.diariomunicipal-al.com.br\/uniao\/wp-json\/wp\/v2\/posts"}],"about":[{"href":"https:\/\/www.diariomunicipal-al.com.br\/uniao\/wp-json\/wp\/v2\/types\/post"}],"author":[{"embeddable":true,"href":"https:\/\/www.diariomunicipal-al.com.br\/uniao\/wp-json\/wp\/v2\/users\/2"}],"replies":[{"embeddable":true,"href":"https:\/\/www.diariomunicipal-al.com.br\/uniao\/wp-json\/wp\/v2\/comments?post=2193"}],"version-history":[{"count":1,"href":"https:\/\/www.diariomunicipal-al.com.br\/uniao\/wp-json\/wp\/v2\/posts\/2193\/revisions"}],"predecessor-version":[{"id":2194,"href":"https:\/\/www.diariomunicipal-al.com.br\/uniao\/wp-json\/wp\/v2\/posts\/2193\/revisions\/2194"}],"wp:attachment":[{"href":"https:\/\/www.diariomunicipal-al.com.br\/uniao\/wp-json\/wp\/v2\/media?parent=2193"}],"wp:term":[{"taxonomy":"category","embeddable":true,"href":"https:\/\/www.diariomunicipal-al.com.br\/uniao\/wp-json\/wp\/v2\/categories?post=2193"},{"taxonomy":"post_tag","embeddable":true,"href":"https:\/\/www.diariomunicipal-al.com.br\/uniao\/wp-json\/wp\/v2\/tags?post=2193"}],"curies":[{"name":"wp","href":"https:\/\/api.w.org\/{rel}","templated":true}]}}