{"id":2215,"date":"2024-02-09T08:11:00","date_gmt":"2024-02-09T11:11:00","guid":{"rendered":"https:\/\/www.diariomunicipal-al.com.br\/uniao\/?p=2215"},"modified":"2024-02-09T12:12:53","modified_gmt":"2024-02-09T15:12:53","slug":"lei-municipal-no-1-550-2024-8-de-fevereiro-de-2024","status":"publish","type":"post","link":"https:\/\/www.diariomunicipal-al.com.br\/uniao\/lei-municipal-no-1-550-2024-8-de-fevereiro-de-2024\/","title":{"rendered":"LEI MUNICIPAL N\u00ba 1.550\/2024, 8 DE FEVEREIRO DE 2024."},"content":{"rendered":"\n<p>Nomeia de Pra\u00e7a M\u00e1rio Guimar\u00e3es Cardoso a pra\u00e7a localizada no bairro Morada das \u00c1rvores e d\u00e1 outras provid\u00eancias.<\/p>\n\n\n\n<p><\/p>\n\n\n\n<p><strong>O<\/strong> <strong>PREFEITO DE UNI\u00c3O DOS PALMARES, ALAGOAS, <\/strong>no uso das atribui\u00e7\u00f5es que lhe s\u00e3o conferidas por lei, faz saber que a C\u00e2mara Municipal decretou e eu sanciono a seguinte lei:<\/p>\n\n\n\n<p><\/p>\n\n\n\n<p><strong>Art. 1\u00ba<\/strong> Fica nomeada de Pra\u00e7a M\u00e1rio Guimar\u00e3es Cardoso a pra\u00e7a localizada no bairro Morada das \u00c1rvores.<\/p>\n\n\n\n<p><strong>Art. 2\u00ba <\/strong>A pra\u00e7a supracitada est\u00e1 situada no bairro Morada das \u00c1rvores, neste Munic\u00edpio, nas proximidades da Associa\u00e7\u00e3o Atl\u00e9tica Banco do Brasil &#8211; AABB, bairro popularmente conhecido tamb\u00e9m como Terra Cavada.<\/p>\n\n\n\n<p><strong>Art. 3\u00ba <\/strong>Esta lei entra em vigor na data de sua publica\u00e7\u00e3o, revogadas as disposi\u00e7\u00f5es em contr\u00e1rio.<\/p>\n\n\n\n<p><\/p>\n\n\n\n<p>Uni\u00e3o dos Palmares, Alagoas, em 8 de fevereiro de 2024.<\/p>\n\n\n\n<p><\/p>\n\n\n\n<p><strong>ARESKI DAMARA DE OMENA FREITAS JUNIOR<\/strong><\/p>\n\n\n\n<p>Prefeito<\/p>\n","protected":false},"excerpt":{"rendered":"<p>Nomeia de Pra\u00e7a M\u00e1rio Guimar\u00e3es Cardoso a pra\u00e7a localizada no bairro Morada das \u00c1rvores e d\u00e1 outras provid\u00eancias. O PREFEITO DE UNI\u00c3O DOS PALMARES, ALAGOAS, no uso das atribui\u00e7\u00f5es que lhe s\u00e3o conferidas por lei, faz saber que a C\u00e2mara Municipal decretou e eu sanciono a seguinte lei: Art. 1\u00ba Fica nomeada de Pra\u00e7a M\u00e1rio [&hellip;]<\/p>\n","protected":false},"author":2,"featured_media":0,"comment_status":"open","ping_status":"open","sticky":false,"template":"","format":"standard","meta":{"footnotes":""},"categories":[2],"tags":[],"class_list":["post-2215","post","type-post","status-publish","format-standard","hentry","category-leis"],"_links":{"self":[{"href":"https:\/\/www.diariomunicipal-al.com.br\/uniao\/wp-json\/wp\/v2\/posts\/2215","targetHints":{"allow":["GET"]}}],"collection":[{"href":"https:\/\/www.diariomunicipal-al.com.br\/uniao\/wp-json\/wp\/v2\/posts"}],"about":[{"href":"https:\/\/www.diariomunicipal-al.com.br\/uniao\/wp-json\/wp\/v2\/types\/post"}],"author":[{"embeddable":true,"href":"https:\/\/www.diariomunicipal-al.com.br\/uniao\/wp-json\/wp\/v2\/users\/2"}],"replies":[{"embeddable":true,"href":"https:\/\/www.diariomunicipal-al.com.br\/uniao\/wp-json\/wp\/v2\/comments?post=2215"}],"version-history":[{"count":1,"href":"https:\/\/www.diariomunicipal-al.com.br\/uniao\/wp-json\/wp\/v2\/posts\/2215\/revisions"}],"predecessor-version":[{"id":2216,"href":"https:\/\/www.diariomunicipal-al.com.br\/uniao\/wp-json\/wp\/v2\/posts\/2215\/revisions\/2216"}],"wp:attachment":[{"href":"https:\/\/www.diariomunicipal-al.com.br\/uniao\/wp-json\/wp\/v2\/media?parent=2215"}],"wp:term":[{"taxonomy":"category","embeddable":true,"href":"https:\/\/www.diariomunicipal-al.com.br\/uniao\/wp-json\/wp\/v2\/categories?post=2215"},{"taxonomy":"post_tag","embeddable":true,"href":"https:\/\/www.diariomunicipal-al.com.br\/uniao\/wp-json\/wp\/v2\/tags?post=2215"}],"curies":[{"name":"wp","href":"https:\/\/api.w.org\/{rel}","templated":true}]}}