{"id":2299,"date":"2024-04-03T11:27:13","date_gmt":"2024-04-03T14:27:13","guid":{"rendered":"https:\/\/www.diariomunicipal-al.com.br\/uniao\/?p=2299"},"modified":"2024-04-03T11:27:13","modified_gmt":"2024-04-03T14:27:13","slug":"lei-municipal-no-1-563-2024-2-de-abril-de-2024","status":"publish","type":"post","link":"https:\/\/www.diariomunicipal-al.com.br\/uniao\/lei-municipal-no-1-563-2024-2-de-abril-de-2024\/","title":{"rendered":"LEI MUNICIPAL N\u00ba 1.563\/2024, 2 DE ABRIL DE 2024."},"content":{"rendered":"\n<p>Disp\u00f5e sobre a corre\u00e7\u00e3o inflacionada salarial dos servidores da Secretaria Municipal Geral de Administra\u00e7\u00e3o de Uni\u00e3o dos Palmares e d\u00e1 outras provid\u00eancias.<\/p>\n\n\n\n<p><\/p>\n\n\n\n<p><strong>O<\/strong> <strong>PREFEITO DE UNI\u00c3O DOS PALMARES, ALAGOAS, <\/strong>no uso das atribui\u00e7\u00f5es que lhe s\u00e3o conferidas por lei, faz saber que a C\u00e2mara Municipal decretou e eu sanciono a seguinte lei:<\/p>\n\n\n\n<p><\/p>\n\n\n\n<p><strong>Art. 1\u00ba <\/strong>Ficam corrigidos os vencimentos dos servidores da Secretaria Municipal de Geral Administra\u00e7\u00e3o de Uni\u00e3o dos Palmares, Alagoas, de acordo com o \u00cdndice de Pre\u00e7os ao Consumidor Amplo &#8211; IPCA acumulado do ano, sendo aplicado da seguinte forma: 7% (sete por cento) a ser aplicado \u00e0 categoria especificada acima, sendo aplicado no m\u00eas de abril de 2024, sem retroagir.<\/p>\n\n\n\n<p><strong>Art. 2\u00ba <\/strong>O alinhamento aos vencimentos de que trata o artigo 1\u00ba ser\u00e1 implantado a partir da aprova\u00e7\u00e3o e publica\u00e7\u00e3o desta lei.<\/p>\n\n\n\n<p><strong>Art. 3\u00ba <\/strong>As despesas resultantes desta lei correr\u00e3o \u00e0 conta da Lei Or\u00e7ament\u00e1ria Anual &#8211; LOA de Uni\u00e3o dos Palmares, em rubricas or\u00e7ament\u00e1rias espec\u00edficas.<\/p>\n\n\n\n<p><strong>Art. 4\u00ba <\/strong>Esta lei entra em vigor na data de sua publica\u00e7\u00e3o, produzindo seus efeitos a partir de abril de 2024, revogadas as disposi\u00e7\u00f5es em contr\u00e1rio.<\/p>\n\n\n\n<p><\/p>\n\n\n\n<p>Uni\u00e3o dos Palmares, Alagoas, em 2 de abril de 2024.<\/p>\n\n\n\n<p><\/p>\n\n\n\n<p><strong>ARESKI DAMARA DE OMENA FREITAS JUNIOR<\/strong><\/p>\n\n\n\n<p>Prefeito<\/p>\n","protected":false},"excerpt":{"rendered":"<p>Disp\u00f5e sobre a corre\u00e7\u00e3o inflacionada salarial dos servidores da Secretaria Municipal Geral de Administra\u00e7\u00e3o de Uni\u00e3o dos Palmares e d\u00e1 outras provid\u00eancias. O PREFEITO DE UNI\u00c3O DOS PALMARES, ALAGOAS, no uso das atribui\u00e7\u00f5es que lhe s\u00e3o conferidas por lei, faz saber que a C\u00e2mara Municipal decretou e eu sanciono a seguinte lei: Art. 1\u00ba Ficam [&hellip;]<\/p>\n","protected":false},"author":2,"featured_media":0,"comment_status":"open","ping_status":"open","sticky":false,"template":"","format":"standard","meta":{"footnotes":""},"categories":[2],"tags":[],"class_list":["post-2299","post","type-post","status-publish","format-standard","hentry","category-leis"],"_links":{"self":[{"href":"https:\/\/www.diariomunicipal-al.com.br\/uniao\/wp-json\/wp\/v2\/posts\/2299","targetHints":{"allow":["GET"]}}],"collection":[{"href":"https:\/\/www.diariomunicipal-al.com.br\/uniao\/wp-json\/wp\/v2\/posts"}],"about":[{"href":"https:\/\/www.diariomunicipal-al.com.br\/uniao\/wp-json\/wp\/v2\/types\/post"}],"author":[{"embeddable":true,"href":"https:\/\/www.diariomunicipal-al.com.br\/uniao\/wp-json\/wp\/v2\/users\/2"}],"replies":[{"embeddable":true,"href":"https:\/\/www.diariomunicipal-al.com.br\/uniao\/wp-json\/wp\/v2\/comments?post=2299"}],"version-history":[{"count":1,"href":"https:\/\/www.diariomunicipal-al.com.br\/uniao\/wp-json\/wp\/v2\/posts\/2299\/revisions"}],"predecessor-version":[{"id":2300,"href":"https:\/\/www.diariomunicipal-al.com.br\/uniao\/wp-json\/wp\/v2\/posts\/2299\/revisions\/2300"}],"wp:attachment":[{"href":"https:\/\/www.diariomunicipal-al.com.br\/uniao\/wp-json\/wp\/v2\/media?parent=2299"}],"wp:term":[{"taxonomy":"category","embeddable":true,"href":"https:\/\/www.diariomunicipal-al.com.br\/uniao\/wp-json\/wp\/v2\/categories?post=2299"},{"taxonomy":"post_tag","embeddable":true,"href":"https:\/\/www.diariomunicipal-al.com.br\/uniao\/wp-json\/wp\/v2\/tags?post=2299"}],"curies":[{"name":"wp","href":"https:\/\/api.w.org\/{rel}","templated":true}]}}