{"id":2345,"date":"2024-04-18T15:04:11","date_gmt":"2024-04-18T18:04:11","guid":{"rendered":"https:\/\/www.diariomunicipal-al.com.br\/uniao\/?p=2345"},"modified":"2026-01-07T10:03:46","modified_gmt":"2026-01-07T13:03:46","slug":"lei-municipal-n-1-567-2024-18-de-abril-de-2024","status":"publish","type":"post","link":"https:\/\/www.diariomunicipal-al.com.br\/uniao\/lei-municipal-n-1-567-2024-18-de-abril-de-2024\/","title":{"rendered":"LEI MUNICIPAL N\u00b0 1.567\/2024, 18 DE ABRIL DE 2024."},"content":{"rendered":"\n<p>Estabelece os componentes municipais do Sistema Nacional de Seguran\u00e7a Alimentar e Nutricional &#8211; SISAN, nos termos da Lei Federal n\u00ba 11.346, de 15 de setembro de 2006.<\/p>\n\n\n\n<p><\/p>\n\n\n\n<p><strong>O<\/strong> <strong>PREFEITO DE UNI\u00c3O DOS PALMARES, ALAGOAS, <\/strong>no uso das atribui\u00e7\u00f5es que lhe s\u00e3o conferidas por lei, faz saber que a C\u00e2mara Municipal decretou e eu sanciono a seguinte lei:<\/p>\n\n\n\n<p><\/p>\n\n\n\n<h1 class=\"wp-block-heading\">CAP\u00cdTULO I<\/h1>\n\n\n\n<p><strong>DISPOSI\u00c7\u00d5ES GERAIS<\/strong><\/p>\n\n\n\n<p><\/p>\n\n\n\n<p><strong>Art. 1\u00ba <\/strong>Esta lei estabelece os componentes municipais do Sistema Nacional de Seguran\u00e7a Alimentar e Nutricional &#8211; SISAN, em conson\u00e2ncia com os princ\u00edpios e diretrizes fixados na Lei Federal n\u00ba 11.346, de 15 de setembro de 2006, e na sua regulamenta\u00e7\u00e3o, com vistas a assegurar o direito humano \u00e0 alimenta\u00e7\u00e3o adequada.<\/p>\n\n\n\n<p><strong>Art. 2\u00ba <\/strong>Incumbe ao Munic\u00edpio adotar as pol\u00edticas e a\u00e7\u00f5es que se fa\u00e7am necess\u00e1rias para respeitar, proteger, promover e prover o direito humano \u00e0 alimenta\u00e7\u00e3o adequada e seguran\u00e7a alimentar e nutricional de toda a sua popula\u00e7\u00e3o.<\/p>\n\n\n\n<p><strong>Par\u00e1grafo \u00fanico. <\/strong>A ado\u00e7\u00e3o das pol\u00edticas e a\u00e7\u00f5es referidas no \u201ccaput\u201d deste artigo dever\u00e1 levar em conta as dimens\u00f5es ambientais, culturais, econ\u00f4micas, regionais e sociais do Munic\u00edpio, com prioridade para as regi\u00f5es e popula\u00e7\u00f5es mais vulner\u00e1veis.<\/p>\n\n\n\n<p><strong>Art. 3\u00ba <\/strong>No Munic\u00edpio Uni\u00e3o dos Palmares, a Seguran\u00e7a Alimentar e Nutricional abrange:<\/p>\n\n\n\n<ol class=\"wp-block-list\" type=\"I\"><li>a amplia\u00e7\u00e3o das condi\u00e7\u00f5es de oferta acess\u00edvel de alimentos, por meio do incremento de produ\u00e7\u00e3o, em especial na agricultura tradicional e familiar, no processamento, na industrializa\u00e7\u00e3o, na comercializa\u00e7\u00e3o, no abastecimento, na distribui\u00e7\u00e3o, nos recursos de \u00e1gua, alcan\u00e7ando tamb\u00e9m a gera\u00e7\u00e3o de emprego e a redistribui\u00e7\u00e3o da renda como fatores de ascens\u00e3o social;<\/li><li>a conserva\u00e7\u00e3o da biodiversidade e a utiliza\u00e7\u00e3o sustent\u00e1vel dos recursos naturais;<\/li><li>a promo\u00e7\u00e3o da sa\u00fade, nutri\u00e7\u00e3o e alimenta\u00e7\u00e3o da popula\u00e7\u00e3o, incluindo-se grupos populacionais espec\u00edficos e popula\u00e7\u00f5es socialmente vulner\u00e1veis;<\/li><li>a garantia da qualidade biol\u00f3gica, sanit\u00e1ria, nutricional e tecnol\u00f3gica dos alimentos consumidos pela popula\u00e7\u00e3o, bem como seu aproveitamento, promovendo a sintonia entre institui\u00e7\u00f5es com responsabilidades afins para que estimulem pr\u00e1ticas e a\u00e7\u00f5es alimentares e estilos de vida saud\u00e1veis;<\/li><li>&nbsp;a produ\u00e7\u00e3o de conhecimentos e informa\u00e7\u00f5es \u00fateis \u00e0 sa\u00fade alimentar, promovendo seu amplo acesso e eficaz dissemina\u00e7\u00e3o para toda a popula\u00e7\u00e3o;<\/li><li>&nbsp;a implementa\u00e7\u00e3o de pol\u00edticas p\u00fablicas de estrat\u00e9gias sustent\u00e1veis e participativas de produ\u00e7\u00e3o, comercializa\u00e7\u00e3o e consumo de alimentos, respeitando-se as m\u00faltiplas caracter\u00edsticas territoriais e etno-culturais do Munic\u00edpio;<\/li><li>a ado\u00e7\u00e3o de urgentes corre\u00e7\u00f5es quanto aos controles p\u00fablicos sobre qualidade nutricional dos alimentos, quanto a toler\u00e2ncia com maus h\u00e1bitos alimentares, quanto a desinforma\u00e7\u00e3o sobre sa\u00fade alimentar vigente na sociedade em geral e nos ambientes sob gest\u00e3o direta e indireta do Estado, quanto a falta de sintonia entre as a\u00e7\u00f5es das diversas \u00e1reas com responsabilidades afins, como educa\u00e7\u00e3o, sa\u00fade, publicidade, pesquisa estimulada e ou apoiada por entes p\u00fablicos, produ\u00e7\u00e3o estimulada de alimentos mediante crit\u00e9rios fundamentados, dentre outros.<\/li><\/ol>\n\n\n\n<p><strong>Art. 4\u00ba <\/strong>Deve tamb\u00e9m o poder p\u00fablico municipal:<\/p>\n\n\n\n<ol class=\"wp-block-list\" type=\"I\"><li>avaliar, fiscalizar e monitorar a realiza\u00e7\u00e3o do direito humano \u00e0 alimenta\u00e7\u00e3o adequada, bem como criar e fortalecer os mecanismos para a sua exigibilidade;<\/li><li>empenhar-se na promo\u00e7\u00e3o de coopera\u00e7\u00e3o t\u00e9cnica com os governos federal, estadual e dos demais munic\u00edpios do estado, de modo a contribuir para a realiza\u00e7\u00e3o do direito humano \u00e0 alimenta\u00e7\u00e3o adequada.<\/li><\/ol>\n\n\n\n<p><\/p>\n\n\n\n<h1 class=\"wp-block-heading\">CAP\u00cdTULO II<\/h1>\n\n\n\n<p><strong>COMPONENTES MUNICIPAIS DO SISTEMA NACIONAL<\/strong><\/p>\n\n\n\n<p><strong>\u00a0DE SEGURAN\u00c7A ALIMENTAR E NUTRICIONAL \u2013 SISAN<\/strong><\/p>\n\n\n\n<p><\/p>\n\n\n\n<p><strong>Art. 5\u00ba <\/strong>Integram o Sistema Nacional de Seguran\u00e7a Alimentar e Nutricional &#8211; SISAN no \u00e2mbito do Munic\u00edpio de Uni\u00e3o dos Palmares:<\/p>\n\n\n\n<ol class=\"wp-block-list\" type=\"I\"><li>Confer\u00eancia Municipal de Seguran\u00e7a Alimentar e Nutricional &#8211; CMSAN;<\/li><li>Conselho Municipal de Seguran\u00e7a Alimentar e Nutricional de Uni\u00e3o dos Palmares &#8211; COMUSAN-UP;<\/li><li>C\u00e2mara Intersecretarial Municipal de Seguran\u00e7a Alimentar e Nutricional \u2013 CAISAN-Municipal;<\/li><li>institui\u00e7\u00f5es privadas, com ou sem fins lucrativos, que manifestem interesse na ades\u00e3o e que respeitem os crit\u00e9rios, princ\u00edpios e diretrizes do SISAN, nos termos regulamentados pela C\u00e2mara Intersecretarial Municipal de Seguran\u00e7a Alimentar e Nutricional \u2013 CAISAN.<\/li><\/ol>\n\n\n\n<p><strong>Par\u00e1grafo \u00fanico.<\/strong> O Conselho Municipal de Seguran\u00e7a Alimentar e Nutricional de Uni\u00e3o dos Palmares &#8211; COMUSAN-UP e a C\u00e2mara Intersecretarial de Seguran\u00e7a Alimentar e Nutricional &#8211; CAISAN-Municipal ser\u00e3o regulamentados por decreto, respeitada a legisla\u00e7\u00e3o aplic\u00e1vel e observado o disposto nos artigos 7\u00ba e 8\u00ba desta lei.<\/p>\n\n\n\n<p><strong>Art. 6\u00ba <\/strong>A Confer\u00eancia Municipal de Seguran\u00e7a Alimentar e Nutricional &#8211; CMSAN constitui inst\u00e2ncia respons\u00e1vel pela indica\u00e7\u00e3o ao Conselho Municipal de Seguran\u00e7a Alimentar e Nutricional de Uni\u00e3o dos Palmares &#8211; COMUSAN-UP, das diretrizes e prioridades da Pol\u00edtica e do Plano Municipal de Seguran\u00e7a Alimentar e Nutricional, bem como pela avalia\u00e7\u00e3o do SISAN no \u00e2mbito do Munic\u00edpio.<\/p>\n\n\n\n<p><strong>Par\u00e1grafo \u00fanico.<\/strong> Dever\u00e3o ser realizadas, com a necess\u00e1ria anteced\u00eancia, confer\u00eancias locais, uma em cada bairro, nelas procedendo-se \u00e0 escolha dos delegados \u00e0 Confer\u00eancia Municipal de Seguran\u00e7a Alimentar e Nutricional &#8211; CMSAN.<\/p>\n\n\n\n<p><strong>Art. 7\u00ba <\/strong>O Conselho Municipal de Seguran\u00e7a Alimentar e Nutricional de Uni\u00e3o dos Palmares &#8211; COMUSAN-UP, ser\u00e1 vinculado \u00e0 Secretaria Municipal de Assist\u00eancia Social e tem como atribui\u00e7\u00f5es, dentre outras afins:<\/p>\n\n\n\n<ol class=\"wp-block-list\" type=\"I\"><li>convocar a Confer\u00eancia Municipal de Seguran\u00e7a Alimentar e Nutricional, com periodicidade n\u00e3o superior a 4 (quatro) anos, bem como definir, mediante regulamento pr\u00f3prio, os par\u00e2metros de composi\u00e7\u00e3o, organiza\u00e7\u00e3o e funcionamento;<\/li><li>propor, considerando as delibera\u00e7\u00f5es da Confer\u00eancia Municipal de Seguran\u00e7a Alimentar e Nutricional, as diretrizes e prioridades da Pol\u00edtica e do Plano Municipal de Seguran\u00e7a Alimentar e Nutricional, incluindo as propostas or\u00e7ament\u00e1rias para a sua consecu\u00e7\u00e3o;<\/li><li>articular, acompanhar, monitorar e fiscalizar, em colabora\u00e7\u00e3o com os demais componentes do Munic\u00edpio no SISAN, a implementa\u00e7\u00e3o e a converg\u00eancia de a\u00e7\u00f5es inerentes \u00e0 Pol\u00edtica e ao Plano Municipal de Seguran\u00e7a Alimentar e Nutricional;<\/li><li>instituir mecanismos permanentes de articula\u00e7\u00e3o com \u00f3rg\u00e3os e entidades cong\u00eaneres de seguran\u00e7a alimentar e nutricional dos Munic\u00edpios, do Estado e do Governo Federal, com a finalidade de promover o di\u00e1logo e a converg\u00eancia das a\u00e7\u00f5es que integram o SISAN;<\/li><li>mobilizar e apoiar entidades da sociedade civil na discuss\u00e3o e na implementa\u00e7\u00e3o de a\u00e7\u00f5es de seguran\u00e7a alimentar e nutricional.<\/li><\/ol>\n\n\n\n<p><strong>\u00a7 1\u00ba <\/strong>O COMUSAN de Uni\u00e3o dos Palmares ser\u00e1 composto por:<\/p>\n\n\n\n<ol class=\"wp-block-list\" type=\"I\"><li>1\/3 (um ter\u00e7o) de representantes, titulares e suplentes, das Secretarias Municipais cujas compet\u00eancias e atribui\u00e7\u00f5es estejam afetas \u00e0 consecu\u00e7\u00e3o da seguran\u00e7a alimentar e nutricional;<\/li><li>2\/3 (dois ter\u00e7os) de representantes da sociedade civil, titulares e suplentes, em conformidade com o Decreto que regulamenta o COMUSAN.<\/li><\/ol>\n\n\n\n<p><strong>\u00a7 2\u00ba <\/strong>Poder\u00e3o tamb\u00e9m compor o COMUSAN de Uni\u00e3o dos Palmares, na qualidade de observadores, representantes de conselhos afins com atua\u00e7\u00e3o no Munic\u00edpio, bem como de \u00f3rg\u00e3os e conselhos do Estado de Alagoas e da Uni\u00e3o afetos \u00e0 seguran\u00e7a alimentar e nutricional, indicados pelos titulares das respectivas institui\u00e7\u00f5es, mediante convite formulado pelo Presidente do colegiado.<\/p>\n\n\n\n<p><strong>\u00a7 3\u00ba <\/strong>Ser\u00e1 de 2 (dois) anos a dura\u00e7\u00e3o do mandato dos representantes da sociedade civil no COMUSAN de Uni\u00e3o dos Palmares, permitida uma \u00fanica recondu\u00e7\u00e3o por igual per\u00edodo e substitui\u00e7\u00e3o, a qualquer tempo, em complementa\u00e7\u00e3o ao mandato vigente.<\/p>\n\n\n\n<p><strong>\u00a7 4\u00ba <\/strong>O COMUSAN de Uni\u00e3o dos Palmares ser\u00e1 presidido por um de seus integrantes, representante da sociedade civil, indicado pelo Pleno do colegiado e designado pelo Prefeito.<\/p>\n\n\n\n<p><strong>\u00a7 5\u00ba <\/strong>A atua\u00e7\u00e3o dos conselheiros do COMUSAN de Uni\u00e3o dos Palmares, titulares e suplentes, ser\u00e1 considerada servi\u00e7o de relevante interesse p\u00fablico e n\u00e3o remunerado.<\/p>\n\n\n\n<p><strong>Art. 8\u00ba <\/strong>S\u00e3o atribui\u00e7\u00f5es da C\u00e2mara Intersecretarial Municipal de Seguran\u00e7a Alimentar e Nutricional &#8211; CAISAN de Uni\u00e3o dos Palmares, dentre outras afins:<\/p>\n\n\n\n<ol class=\"wp-block-list\" type=\"I\"><li>elaborar, a partir das diretrizes e prioridades emanadas da Confer\u00eancia Municipal de Seguran\u00e7a Alimentar e Nutricional &#8211; CMSAN e do Conselho Municipal de Seguran\u00e7a Alimentar e Nutricional de Uni\u00e3o dos Palmares &#8211; COMUSAN, a Pol\u00edtica e o Plano Municipal de Seguran\u00e7a Alimentar e Nutricional, indicando diretrizes, metas, fontes de recursos e instrumentos de acompanhamento, monitoramento e avalia\u00e7\u00e3o de sua implementa\u00e7\u00e3o;<\/li><li>coordenar a execu\u00e7\u00e3o da Pol\u00edtica e do Plano Municipal de Seguran\u00e7a Alimentar e Nutricional;<\/li><li>monitorar, avaliar e prestar contas da execu\u00e7\u00e3o da Pol\u00edtica e do Plano Municipais de Seguran\u00e7a Alimentar e Nutricional.<\/li><\/ol>\n\n\n\n<p><strong>Par\u00e1grafo \u00fanico.<\/strong> A CAISAN-Municipal ser\u00e1 composta pelos titulares das Secretarias Municipais cujas compet\u00eancias e atribui\u00e7\u00f5es estejam afetas \u00e0 consecu\u00e7\u00e3o da seguran\u00e7a alimentar e nutricional.<\/p>\n\n\n\n<p><\/p>\n\n\n\n<h1 class=\"wp-block-heading\">CAP\u00cdTULO III<\/h1>\n\n\n\n<p><strong>DISPOSI\u00c7\u00d5ES FINAIS E TRANSIT\u00d3RIAS<\/strong><\/p>\n\n\n\n<p><\/p>\n\n\n\n<p><strong>Art. 9\u00ba <\/strong>O Poder Executivo Municipal regulamentar\u00e1 esta lei, no que couber, no prazo de 90 (noventa) dias, contados da data de sua publica\u00e7\u00e3o.<\/p>\n\n\n\n<p><strong>Art. 10. <\/strong>As despesas com a execu\u00e7\u00e3o desta lei correr\u00e3o por conta das dota\u00e7\u00f5es or\u00e7ament\u00e1rias pr\u00f3prias, suplementadas se necess\u00e1rio.<\/p>\n\n\n\n<p><strong>Art. 11 <\/strong>Esta lei entra em vigor na data de sua publica\u00e7\u00e3o, revogadas as disposi\u00e7\u00f5es em contr\u00e1rio.<\/p>\n\n\n\n<p><\/p>\n\n\n\n<p>Uni\u00e3o dos Palmares, Alagoas, em 18 de abril de 2024.<\/p>\n\n\n\n<p><\/p>\n\n\n\n<p><strong>ARESKI DAMARA DE OMENA FREITAS JUNIOR<\/strong><\/p>\n\n\n\n<p>Prefeito<\/p>\n\n\n\n<p><\/p>\n","protected":false},"excerpt":{"rendered":"<p>Estabelece os componentes municipais do Sistema Nacional de Seguran\u00e7a Alimentar e Nutricional &#8211; SISAN, nos termos da Lei Federal n\u00ba 11.346, de 15 de setembro de 2006. O PREFEITO DE UNI\u00c3O DOS PALMARES, ALAGOAS, no uso das atribui\u00e7\u00f5es que lhe s\u00e3o conferidas por lei, faz saber que a C\u00e2mara Municipal decretou e eu sanciono a [&hellip;]<\/p>\n","protected":false},"author":2,"featured_media":0,"comment_status":"open","ping_status":"open","sticky":false,"template":"","format":"standard","meta":{"footnotes":""},"categories":[2],"tags":[],"class_list":["post-2345","post","type-post","status-publish","format-standard","hentry","category-leis"],"_links":{"self":[{"href":"https:\/\/www.diariomunicipal-al.com.br\/uniao\/wp-json\/wp\/v2\/posts\/2345","targetHints":{"allow":["GET"]}}],"collection":[{"href":"https:\/\/www.diariomunicipal-al.com.br\/uniao\/wp-json\/wp\/v2\/posts"}],"about":[{"href":"https:\/\/www.diariomunicipal-al.com.br\/uniao\/wp-json\/wp\/v2\/types\/post"}],"author":[{"embeddable":true,"href":"https:\/\/www.diariomunicipal-al.com.br\/uniao\/wp-json\/wp\/v2\/users\/2"}],"replies":[{"embeddable":true,"href":"https:\/\/www.diariomunicipal-al.com.br\/uniao\/wp-json\/wp\/v2\/comments?post=2345"}],"version-history":[{"count":1,"href":"https:\/\/www.diariomunicipal-al.com.br\/uniao\/wp-json\/wp\/v2\/posts\/2345\/revisions"}],"predecessor-version":[{"id":2346,"href":"https:\/\/www.diariomunicipal-al.com.br\/uniao\/wp-json\/wp\/v2\/posts\/2345\/revisions\/2346"}],"wp:attachment":[{"href":"https:\/\/www.diariomunicipal-al.com.br\/uniao\/wp-json\/wp\/v2\/media?parent=2345"}],"wp:term":[{"taxonomy":"category","embeddable":true,"href":"https:\/\/www.diariomunicipal-al.com.br\/uniao\/wp-json\/wp\/v2\/categories?post=2345"},{"taxonomy":"post_tag","embeddable":true,"href":"https:\/\/www.diariomunicipal-al.com.br\/uniao\/wp-json\/wp\/v2\/tags?post=2345"}],"curies":[{"name":"wp","href":"https:\/\/api.w.org\/{rel}","templated":true}]}}