{"id":2347,"date":"2024-04-18T15:05:36","date_gmt":"2024-04-18T18:05:36","guid":{"rendered":"https:\/\/www.diariomunicipal-al.com.br\/uniao\/?p=2347"},"modified":"2026-01-07T10:03:46","modified_gmt":"2026-01-07T13:03:46","slug":"lei-municipal-n-1-568-2024-18-de-abril-de-2024","status":"publish","type":"post","link":"https:\/\/www.diariomunicipal-al.com.br\/uniao\/lei-municipal-n-1-568-2024-18-de-abril-de-2024\/","title":{"rendered":"LEI MUNICIPAL N\u00b0 1.568\/2024, 18 DE ABRIL DE 2024."},"content":{"rendered":"\n<p>Nomeia de Rua Augusto de Carvalho Lins Filho a rua principal da Fazenda Frios.<\/p>\n\n\n\n<p><\/p>\n\n\n\n<p><strong>O<\/strong> <strong>PREFEITO DE UNI\u00c3O DOS PALMARES, ALAGOAS, <\/strong>no uso das atribui\u00e7\u00f5es que lhe s\u00e3o conferidas por lei, faz saber que a C\u00e2mara Municipal decretou e eu sanciono a seguinte lei:<\/p>\n\n\n\n<p><\/p>\n\n\n\n<p><strong>Art. 1\u00ba<\/strong> Fica nomeada de Rua Augusto de Carvalho Lins Filho a rua principal da Fazenda Frios.<\/p>\n\n\n\n<p><strong>Art. 2\u00ba <\/strong>A rua supracitada est\u00e1 localizada na Fazenda Frios, zona rural deste Munic\u00edpio, e o trecho correspondente a ser nomeado ser\u00e1 da entrada do bairro, com acesso \u00e0 BR-104, at\u00e9 as proximidades da Casa de Recupera\u00e7\u00e3o Rosa M\u00edstica.<\/p>\n\n\n\n<p><strong>Art. 3\u00ba <\/strong>Esta lei entra em vigor na data de sua publica\u00e7\u00e3o, revogadas as disposi\u00e7\u00f5es em contr\u00e1rio.<\/p>\n\n\n\n<p><\/p>\n\n\n\n<p>Uni\u00e3o dos Palmares, Alagoas, em 18 de abril de 2024.<\/p>\n\n\n\n<p><\/p>\n\n\n\n<p><strong>ARESKI DAMARA DE OMENA FREITAS JUNIOR<\/strong><\/p>\n\n\n\n<p>Prefeito<\/p>\n","protected":false},"excerpt":{"rendered":"<p>Nomeia de Rua Augusto de Carvalho Lins Filho a rua principal da Fazenda Frios. O PREFEITO DE UNI\u00c3O DOS PALMARES, ALAGOAS, no uso das atribui\u00e7\u00f5es que lhe s\u00e3o conferidas por lei, faz saber que a C\u00e2mara Municipal decretou e eu sanciono a seguinte lei: Art. 1\u00ba Fica nomeada de Rua Augusto de Carvalho Lins Filho [&hellip;]<\/p>\n","protected":false},"author":2,"featured_media":0,"comment_status":"open","ping_status":"open","sticky":false,"template":"","format":"standard","meta":{"footnotes":""},"categories":[2],"tags":[],"class_list":["post-2347","post","type-post","status-publish","format-standard","hentry","category-leis"],"_links":{"self":[{"href":"https:\/\/www.diariomunicipal-al.com.br\/uniao\/wp-json\/wp\/v2\/posts\/2347","targetHints":{"allow":["GET"]}}],"collection":[{"href":"https:\/\/www.diariomunicipal-al.com.br\/uniao\/wp-json\/wp\/v2\/posts"}],"about":[{"href":"https:\/\/www.diariomunicipal-al.com.br\/uniao\/wp-json\/wp\/v2\/types\/post"}],"author":[{"embeddable":true,"href":"https:\/\/www.diariomunicipal-al.com.br\/uniao\/wp-json\/wp\/v2\/users\/2"}],"replies":[{"embeddable":true,"href":"https:\/\/www.diariomunicipal-al.com.br\/uniao\/wp-json\/wp\/v2\/comments?post=2347"}],"version-history":[{"count":1,"href":"https:\/\/www.diariomunicipal-al.com.br\/uniao\/wp-json\/wp\/v2\/posts\/2347\/revisions"}],"predecessor-version":[{"id":2348,"href":"https:\/\/www.diariomunicipal-al.com.br\/uniao\/wp-json\/wp\/v2\/posts\/2347\/revisions\/2348"}],"wp:attachment":[{"href":"https:\/\/www.diariomunicipal-al.com.br\/uniao\/wp-json\/wp\/v2\/media?parent=2347"}],"wp:term":[{"taxonomy":"category","embeddable":true,"href":"https:\/\/www.diariomunicipal-al.com.br\/uniao\/wp-json\/wp\/v2\/categories?post=2347"},{"taxonomy":"post_tag","embeddable":true,"href":"https:\/\/www.diariomunicipal-al.com.br\/uniao\/wp-json\/wp\/v2\/tags?post=2347"}],"curies":[{"name":"wp","href":"https:\/\/api.w.org\/{rel}","templated":true}]}}