{"id":2392,"date":"2024-05-24T09:57:46","date_gmt":"2024-05-24T12:57:46","guid":{"rendered":"https:\/\/www.diariomunicipal-al.com.br\/uniao\/?p=2392"},"modified":"2024-05-24T09:57:46","modified_gmt":"2024-05-24T12:57:46","slug":"aviso-de-credenciamento-2","status":"publish","type":"post","link":"https:\/\/www.diariomunicipal-al.com.br\/uniao\/aviso-de-credenciamento-2\/","title":{"rendered":"AVISO DE CREDENCIAMENTO"},"content":{"rendered":"\n<p>CHAMAMENTO PUBLICO N\u00ba 01\/2024<\/p>\n\n\n\n<p>N\u00ba DO EDITAL: Edital n\u00ba 01\/2024.<\/p>\n\n\n\n<p>MODALIDADE: Credenciamento.<\/p>\n\n\n\n<p>OBJETO: Credenciamento de Agentes Culturais do Munic\u00edpio de Uni\u00e3o dos Palmares\/AL, na forma prevista na Lei Municipal n\u00ba 1387\/2019.<\/p>\n\n\n\n<p>SETOR RESPONS\u00c1VEL: Secretaria Municipal de Cultura.<\/p>\n\n\n\n<p>ENTIDADE: Munic\u00edpio de Uni\u00e3o dos Palmares\/AL.<\/p>\n\n\n\n<p>PRAZO DE INSCRI\u00c7\u00d5ES: 27\/05\/2024 a 27\/06\/2024.<\/p>\n\n\n\n<p>LOCAL: sede da Secretaria de Cultura de Uni\u00e3o dos Palmares\/AL, situada na Rua Correia de Oliveira, n\u00ba 65, Centro, Uni\u00e3o dos Palmares\/AL, das 09h \u00e0s 12h, ou pelo e-mail cultura@uniaodospalmares.al.gov.br.<\/p>\n\n\n\n<p>Maria Elizabete de Oliveira Silva<\/p>\n\n\n\n<p>Secret\u00e1ria Municipal de Cultura<\/p>\n\n\n\n<div data-wp-interactive=\"core\/file\" class=\"wp-block-file\"><object data-wp-bind--hidden=\"!state.hasPdfPreview\" hidden class=\"wp-block-file__embed\" data=\"https:\/\/www.diariomunicipal-al.com.br\/uniao\/wp-content\/uploads\/2024\/05\/EDITAL-DE-CHAMAMENTO-PUBLICO-01-2024-CREDENCIAMENTO-DE-AGENTES-CULTURAIS.pdf\" type=\"application\/pdf\" style=\"width:100%;height:600px\" aria-label=\"Incorporado de Incorporado de EDITAL-DE-CHAMAMENTO-PUBLICO-01-2024-CREDENCIAMENTO-DE-AGENTES-CULTURAIS..\"><\/object><a href=\"https:\/\/www.diariomunicipal-al.com.br\/uniao\/wp-content\/uploads\/2024\/05\/EDITAL-DE-CHAMAMENTO-PUBLICO-01-2024-CREDENCIAMENTO-DE-AGENTES-CULTURAIS.pdf\">EDITAL-DE-CHAMAMENTO-PUBLICO-01-2024-CREDENCIAMENTO-DE-AGENTES-CULTURAIS<\/a><a href=\"https:\/\/www.diariomunicipal-al.com.br\/uniao\/wp-content\/uploads\/2024\/05\/EDITAL-DE-CHAMAMENTO-PUBLICO-01-2024-CREDENCIAMENTO-DE-AGENTES-CULTURAIS.pdf\" class=\"wp-block-file__button\" download>Baixar<\/a><\/div>\n","protected":false},"excerpt":{"rendered":"<p>CHAMAMENTO PUBLICO N\u00ba 01\/2024 N\u00ba DO EDITAL: Edital n\u00ba 01\/2024. MODALIDADE: Credenciamento. OBJETO: Credenciamento de Agentes Culturais do Munic\u00edpio de Uni\u00e3o dos Palmares\/AL, na forma prevista na Lei Municipal n\u00ba 1387\/2019. SETOR RESPONS\u00c1VEL: Secretaria Municipal de Cultura. ENTIDADE: Munic\u00edpio de Uni\u00e3o dos Palmares\/AL. PRAZO DE INSCRI\u00c7\u00d5ES: 27\/05\/2024 a 27\/06\/2024. LOCAL: sede da Secretaria de Cultura [&hellip;]<\/p>\n","protected":false},"author":5,"featured_media":0,"comment_status":"open","ping_status":"open","sticky":false,"template":"","format":"standard","meta":{"footnotes":""},"categories":[1],"tags":[],"class_list":["post-2392","post","type-post","status-publish","format-standard","hentry","category-licitacoes"],"_links":{"self":[{"href":"https:\/\/www.diariomunicipal-al.com.br\/uniao\/wp-json\/wp\/v2\/posts\/2392","targetHints":{"allow":["GET"]}}],"collection":[{"href":"https:\/\/www.diariomunicipal-al.com.br\/uniao\/wp-json\/wp\/v2\/posts"}],"about":[{"href":"https:\/\/www.diariomunicipal-al.com.br\/uniao\/wp-json\/wp\/v2\/types\/post"}],"author":[{"embeddable":true,"href":"https:\/\/www.diariomunicipal-al.com.br\/uniao\/wp-json\/wp\/v2\/users\/5"}],"replies":[{"embeddable":true,"href":"https:\/\/www.diariomunicipal-al.com.br\/uniao\/wp-json\/wp\/v2\/comments?post=2392"}],"version-history":[{"count":1,"href":"https:\/\/www.diariomunicipal-al.com.br\/uniao\/wp-json\/wp\/v2\/posts\/2392\/revisions"}],"predecessor-version":[{"id":2394,"href":"https:\/\/www.diariomunicipal-al.com.br\/uniao\/wp-json\/wp\/v2\/posts\/2392\/revisions\/2394"}],"wp:attachment":[{"href":"https:\/\/www.diariomunicipal-al.com.br\/uniao\/wp-json\/wp\/v2\/media?parent=2392"}],"wp:term":[{"taxonomy":"category","embeddable":true,"href":"https:\/\/www.diariomunicipal-al.com.br\/uniao\/wp-json\/wp\/v2\/categories?post=2392"},{"taxonomy":"post_tag","embeddable":true,"href":"https:\/\/www.diariomunicipal-al.com.br\/uniao\/wp-json\/wp\/v2\/tags?post=2392"}],"curies":[{"name":"wp","href":"https:\/\/api.w.org\/{rel}","templated":true}]}}