{"id":2395,"date":"2024-05-24T10:33:17","date_gmt":"2024-05-24T13:33:17","guid":{"rendered":"https:\/\/www.diariomunicipal-al.com.br\/uniao\/?p=2395"},"modified":"2024-05-24T10:33:17","modified_gmt":"2024-05-24T13:33:17","slug":"decreto-no-05-2024-24-de-maio-de-2024","status":"publish","type":"post","link":"https:\/\/www.diariomunicipal-al.com.br\/uniao\/decreto-no-05-2024-24-de-maio-de-2024\/","title":{"rendered":"DECRETO N\u00ba 05\/2024, 24 DE MAIO DE 2024."},"content":{"rendered":"\n<p>Decreta ponto facultativo nas reparti\u00e7\u00f5es p\u00fablicas no dia 31 de maio de 2024.<\/p>\n\n\n\n<p><\/p>\n\n\n\n<p><strong>O PREFEITO DE UNI\u00c3O DOS PALMARES<\/strong>, no uso de suas atribui\u00e7\u00f5es e prerrogativas legais;<\/p>\n\n\n\n<p><strong>CONSIDERANDO <\/strong>o Decreto Municipal n\u00ba 031\/2023, de 29 de dezembro de 2023, que disp\u00f5e sobre os feriados nacionais, estaduais e municipais em 2024, bem como os pontos facultativos para Administra\u00e7\u00e3o P\u00fablica de Uni\u00e3o dos Palmares;<\/p>\n\n\n\n<p><\/p>\n\n\n\n<p><strong>DECRETA:<\/strong><\/p>\n\n\n\n<p><\/p>\n\n\n\n<p><strong>Art. 1\u00ba <\/strong>Ponto facultativo nas reparti\u00e7\u00f5es p\u00fablicas jurisdicionadas ao Munic\u00edpio de Uni\u00e3o dos Palmares, Alagoas, no dia <strong>31 de maio de 2024<\/strong> (sexta-feira).<\/p>\n\n\n\n<p><strong>Art. 2\u00ba <\/strong>Fica autorizada a organiza\u00e7\u00e3o de escalas de trabalho para atendimento dos servi\u00e7os essenciais impedidos de sofrer interrup\u00e7\u00f5es, tais como: servi\u00e7os de sa\u00fade, coleta di\u00e1ria de lixo e vigil\u00e2ncia de pr\u00e9dios p\u00fablicos, desde que n\u00e3o incorra em \u00f4nus ao Munic\u00edpio.<\/p>\n\n\n\n<p><strong>Art. 3\u00ba <\/strong>Este decreto entra em vigor na data de sua publica\u00e7\u00e3o, revogadas as disposi\u00e7\u00f5es em contr\u00e1rio.<\/p>\n\n\n\n<p><\/p>\n\n\n\n<p>Uni\u00e3o dos Palmares, Alagoas, em 24 de maio de 2024.<\/p>\n\n\n\n<p><\/p>\n\n\n\n<p><strong>ARESKI DAMARA DE OMENA FREITAS JUNIOR<\/strong><\/p>\n\n\n\n<p>Prefeito<\/p>\n","protected":false},"excerpt":{"rendered":"<p>Decreta ponto facultativo nas reparti\u00e7\u00f5es p\u00fablicas no dia 31 de maio de 2024. O PREFEITO DE UNI\u00c3O DOS PALMARES, no uso de suas atribui\u00e7\u00f5es e prerrogativas legais; CONSIDERANDO o Decreto Municipal n\u00ba 031\/2023, de 29 de dezembro de 2023, que disp\u00f5e sobre os feriados nacionais, estaduais e municipais em 2024, bem como os pontos facultativos [&hellip;]<\/p>\n","protected":false},"author":2,"featured_media":0,"comment_status":"open","ping_status":"open","sticky":false,"template":"","format":"standard","meta":{"footnotes":""},"categories":[8],"tags":[],"class_list":["post-2395","post","type-post","status-publish","format-standard","hentry","category-decretos"],"_links":{"self":[{"href":"https:\/\/www.diariomunicipal-al.com.br\/uniao\/wp-json\/wp\/v2\/posts\/2395","targetHints":{"allow":["GET"]}}],"collection":[{"href":"https:\/\/www.diariomunicipal-al.com.br\/uniao\/wp-json\/wp\/v2\/posts"}],"about":[{"href":"https:\/\/www.diariomunicipal-al.com.br\/uniao\/wp-json\/wp\/v2\/types\/post"}],"author":[{"embeddable":true,"href":"https:\/\/www.diariomunicipal-al.com.br\/uniao\/wp-json\/wp\/v2\/users\/2"}],"replies":[{"embeddable":true,"href":"https:\/\/www.diariomunicipal-al.com.br\/uniao\/wp-json\/wp\/v2\/comments?post=2395"}],"version-history":[{"count":1,"href":"https:\/\/www.diariomunicipal-al.com.br\/uniao\/wp-json\/wp\/v2\/posts\/2395\/revisions"}],"predecessor-version":[{"id":2396,"href":"https:\/\/www.diariomunicipal-al.com.br\/uniao\/wp-json\/wp\/v2\/posts\/2395\/revisions\/2396"}],"wp:attachment":[{"href":"https:\/\/www.diariomunicipal-al.com.br\/uniao\/wp-json\/wp\/v2\/media?parent=2395"}],"wp:term":[{"taxonomy":"category","embeddable":true,"href":"https:\/\/www.diariomunicipal-al.com.br\/uniao\/wp-json\/wp\/v2\/categories?post=2395"},{"taxonomy":"post_tag","embeddable":true,"href":"https:\/\/www.diariomunicipal-al.com.br\/uniao\/wp-json\/wp\/v2\/tags?post=2395"}],"curies":[{"name":"wp","href":"https:\/\/api.w.org\/{rel}","templated":true}]}}