{"id":2405,"date":"2024-06-03T13:12:01","date_gmt":"2024-06-03T16:12:01","guid":{"rendered":"https:\/\/www.diariomunicipal-al.com.br\/uniao\/?p=2405"},"modified":"2024-06-03T13:12:01","modified_gmt":"2024-06-03T16:12:01","slug":"aviso-de-retificacao-de-data-de-licitacao","status":"publish","type":"post","link":"https:\/\/www.diariomunicipal-al.com.br\/uniao\/aviso-de-retificacao-de-data-de-licitacao\/","title":{"rendered":"Aviso de retifica\u00e7\u00e3o de data de licita\u00e7\u00e3o"},"content":{"rendered":"\n<p>A Prefeitura de Uni\u00e3o dos Palmares torna p\u00fablico que fica retificada a data da Concorr\u00eancia n\u00b0 90001\/2024, que ocorreria em 17\/06\/2024, \u00e0s 09h00min, ficando designada a abertura para 18\/06\/2024, \u00e0s 09h00min, tendo em vista a diverg\u00eancia de datas de divulga\u00e7\u00e3o no PNCP e na Imprensa Oficial, n\u00e3o havendo altera\u00e7\u00f5es no edital.<\/p>\n\n\n\n<p>Areski D\u00e2mara de Omena Freitas Junior<\/p>\n\n\n\n<p>Prefeito<\/p>\n","protected":false},"excerpt":{"rendered":"<p>A Prefeitura de Uni\u00e3o dos Palmares torna p\u00fablico que fica retificada a data da Concorr\u00eancia n\u00b0 90001\/2024, que ocorreria em 17\/06\/2024, \u00e0s 09h00min, ficando designada a abertura para 18\/06\/2024, \u00e0s 09h00min, tendo em vista a diverg\u00eancia de datas de divulga\u00e7\u00e3o no PNCP e na Imprensa Oficial, n\u00e3o havendo altera\u00e7\u00f5es no edital. Areski D\u00e2mara de Omena [&hellip;]<\/p>\n","protected":false},"author":5,"featured_media":0,"comment_status":"open","ping_status":"open","sticky":false,"template":"","format":"standard","meta":{"footnotes":""},"categories":[1],"tags":[],"class_list":["post-2405","post","type-post","status-publish","format-standard","hentry","category-licitacoes"],"_links":{"self":[{"href":"https:\/\/www.diariomunicipal-al.com.br\/uniao\/wp-json\/wp\/v2\/posts\/2405","targetHints":{"allow":["GET"]}}],"collection":[{"href":"https:\/\/www.diariomunicipal-al.com.br\/uniao\/wp-json\/wp\/v2\/posts"}],"about":[{"href":"https:\/\/www.diariomunicipal-al.com.br\/uniao\/wp-json\/wp\/v2\/types\/post"}],"author":[{"embeddable":true,"href":"https:\/\/www.diariomunicipal-al.com.br\/uniao\/wp-json\/wp\/v2\/users\/5"}],"replies":[{"embeddable":true,"href":"https:\/\/www.diariomunicipal-al.com.br\/uniao\/wp-json\/wp\/v2\/comments?post=2405"}],"version-history":[{"count":1,"href":"https:\/\/www.diariomunicipal-al.com.br\/uniao\/wp-json\/wp\/v2\/posts\/2405\/revisions"}],"predecessor-version":[{"id":2406,"href":"https:\/\/www.diariomunicipal-al.com.br\/uniao\/wp-json\/wp\/v2\/posts\/2405\/revisions\/2406"}],"wp:attachment":[{"href":"https:\/\/www.diariomunicipal-al.com.br\/uniao\/wp-json\/wp\/v2\/media?parent=2405"}],"wp:term":[{"taxonomy":"category","embeddable":true,"href":"https:\/\/www.diariomunicipal-al.com.br\/uniao\/wp-json\/wp\/v2\/categories?post=2405"},{"taxonomy":"post_tag","embeddable":true,"href":"https:\/\/www.diariomunicipal-al.com.br\/uniao\/wp-json\/wp\/v2\/tags?post=2405"}],"curies":[{"name":"wp","href":"https:\/\/api.w.org\/{rel}","templated":true}]}}