{"id":2481,"date":"2024-07-04T15:34:09","date_gmt":"2024-07-04T18:34:09","guid":{"rendered":"https:\/\/www.diariomunicipal-al.com.br\/uniao\/?p=2481"},"modified":"2024-07-04T15:34:09","modified_gmt":"2024-07-04T18:34:09","slug":"portaria-no-60-2024-4-de-julho-de-2024","status":"publish","type":"post","link":"https:\/\/www.diariomunicipal-al.com.br\/uniao\/portaria-no-60-2024-4-de-julho-de-2024\/","title":{"rendered":"PORTARIA N\u00ba 60\/2024, 4 DE JULHO DE 2024."},"content":{"rendered":"\n<p>Nomeia o Conselho Municipal de Educa\u00e7\u00e3o de Uni\u00e3o dos Palmares, Alagoas.<\/p>\n\n\n\n<p><\/p>\n\n\n\n<p><strong>O PREFEITO DE UNI\u00c3O DOS PALMARES<\/strong>, no uso de suas atribui\u00e7\u00f5es e prerrogativas legais;<\/p>\n\n\n\n<p><strong>CONSIDERANDO <\/strong>o disposto na Lei Municipal n\u00ba 1.500, de 10 de abril de 2023, que disp\u00f5e sobre a gest\u00e3o democr\u00e1tica do sistema de ensino p\u00fablico municipal e reformula o Conselho Municipal de Educa\u00e7\u00e3o, revogando a Lei Municipal n\u00ba 1.010\/2003;\u00a0<\/p>\n\n\n\n<p><\/p>\n\n\n\n<p><strong>RESOLVE:<\/strong><\/p>\n\n\n\n<p><\/p>\n\n\n\n<p><strong>Art. 1\u00ba <\/strong>Nomear o Conselho Municipal de Educa\u00e7\u00e3o de Uni\u00e3o dos Palmares, Alagoas, para exercer o mandato quadrienal de 4 de julho de 2024 a 4 de julho de 2028, passando, a partir desta data, a ser constitu\u00eddo com os seguintes membros:<\/p>\n\n\n\n<ol class=\"wp-block-list\"><li><strong>Representantes da Secretaria Municipal de Educa\u00e7\u00e3o<\/strong><\/li><\/ol>\n\n\n\n<p>Titular: Aparecida Ambr\u00f3sio<\/p>\n\n\n\n<p>Suplente: Jussara Lima Monteiro<\/p>\n\n\n\n<p>Titular: M\u00f4nica Maria de Andrade Lima<\/p>\n\n\n\n<p>Suplente: Gersiana Barros Aguiar<\/p>\n\n\n\n<p>Titular: Maria Madalena da Silva<\/p>\n\n\n\n<p>Suplente: Karina Thais Rodrigues de Oliveira<\/p>\n\n\n\n<p>Titular: Wedja Maria Rodrigues Alves de Queiroz<\/p>\n\n\n\n<p>Suplente: Mirley da Silva Diniz<\/p>\n\n\n\n<p>Titular: Ana Cl\u00e1udia Miranda de Souza Almeida<\/p>\n\n\n\n<p>Suplente: Jidaldo de Ara\u00fajo<\/p>\n\n\n\n<p>Titular: Dianele Marques da Silva Ferreira<\/p>\n\n\n\n<p>Suplente: Rita de Cassia Nunes da Silva<\/p>\n\n\n\n<ol class=\"wp-block-list\" start=\"2\"><li><strong>Representantes do Poder Legislativo Municipal<\/strong><\/li><\/ol>\n\n\n\n<p>Titular: Manoel Messias da Silva<\/p>\n\n\n\n<p>Suplente: Jos\u00e9 Leonardo da Silva<\/p>\n\n\n\n<p>Titular: Miriam Aureliano dos Santos<\/p>\n\n\n\n<p>Suplente: Valdemir Silva Lopes<\/p>\n\n\n\n<ol class=\"wp-block-list\" start=\"3\"><li><strong>Representantes dos Trabalhadores da Educa\u00e7\u00e3o<\/strong><\/li><\/ol>\n\n\n\n<p>Titular: Rafael Wanderley Mac\u00e1rio da Silva<\/p>\n\n\n\n<p>Suplente: C\u00edcera Santos da Silva<\/p>\n\n\n\n<p>Titular: Rozenilda Serafim da Silva Ferreira<\/p>\n\n\n\n<p>Suplente: Kleber Alexandre de Almeida<\/p>\n\n\n\n<ol class=\"wp-block-list\" start=\"4\"><li><strong>Representantes dos Pais de Alunos<\/strong><\/li><\/ol>\n\n\n\n<p>Titular: Roseilda Virginio da Silva (Escola M\u00e1rio Gomes de Barros)<\/p>\n\n\n\n<p>Suplente: Mariana Maria da Silva (Escola M\u00e1rio Gomes de Barros)<\/p>\n\n\n\n<p>Titular: Lais Layanne Albuquerque Rodrigues (Escola Laura Pereira)<\/p>\n\n\n\n<p>Suplente: Josenilda Silva de Melo (Escola Laura Pereira)<\/p>\n\n\n\n<ol class=\"wp-block-list\" start=\"5\"><li><strong>Representantes dos Estudantes<\/strong><\/li><\/ol>\n\n\n\n<p>Titular: Luciene Louren\u00e7o dos Santos (Escola Jairo Correia Viana)<\/p>\n\n\n\n<p>Suplente: Suely Oliveira Martins (Escola Jairo Correia Viana)<\/p>\n\n\n\n<p>Titular: Maria Elisangela da Silva (Escola Jairo Correia Viana)<\/p>\n\n\n\n<p>Suplente: C\u00e9lia Aparecida da Silva Lima (Escola Jairo Correia Viana)<\/p>\n\n\n\n<ol class=\"wp-block-list\" start=\"6\"><li><strong>Representantes do Conselho Municipal dos Direitos da Crian\u00e7a e do Adolescente<\/strong><\/li><\/ol>\n\n\n\n<p>Titular: Diego Guilherme Calixto<\/p>\n\n\n\n<p>Suplente: Manoel Sime\u00e3o Moreira<\/p>\n\n\n\n<ol class=\"wp-block-list\" start=\"7\"><li><strong>Representantes do Conselho Municipal de Assist\u00eancia Social<\/strong><\/li><\/ol>\n\n\n\n<p>Titular: Riqueline Gomes da Silva<\/p>\n\n\n\n<p>Suplente: Juliana Jacinto<\/p>\n\n\n\n<p><strong>Art. 2\u00ba <\/strong>Esta portaria entra em vigor na data de sua publica\u00e7\u00e3o, revogadas as disposi\u00e7\u00f5es em contr\u00e1rio.<\/p>\n\n\n\n<p><\/p>\n\n\n\n<p>Uni\u00e3o dos Palmares, Alagoas, em 4 de julho de 2024.<\/p>\n\n\n\n<p><\/p>\n\n\n\n<p><strong>ARESKI DAMARA DE OMENA FREITAS JUNIOR<\/strong><\/p>\n\n\n\n<p>Prefeito<\/p>\n","protected":false},"excerpt":{"rendered":"<p>Nomeia o Conselho Municipal de Educa\u00e7\u00e3o de Uni\u00e3o dos Palmares, Alagoas. O PREFEITO DE UNI\u00c3O DOS PALMARES, no uso de suas atribui\u00e7\u00f5es e prerrogativas legais; CONSIDERANDO o disposto na Lei Municipal n\u00ba 1.500, de 10 de abril de 2023, que disp\u00f5e sobre a gest\u00e3o democr\u00e1tica do sistema de ensino p\u00fablico municipal e reformula o Conselho [&hellip;]<\/p>\n","protected":false},"author":2,"featured_media":0,"comment_status":"open","ping_status":"open","sticky":false,"template":"","format":"standard","meta":{"footnotes":""},"categories":[6],"tags":[],"class_list":["post-2481","post","type-post","status-publish","format-standard","hentry","category-portarias"],"_links":{"self":[{"href":"https:\/\/www.diariomunicipal-al.com.br\/uniao\/wp-json\/wp\/v2\/posts\/2481","targetHints":{"allow":["GET"]}}],"collection":[{"href":"https:\/\/www.diariomunicipal-al.com.br\/uniao\/wp-json\/wp\/v2\/posts"}],"about":[{"href":"https:\/\/www.diariomunicipal-al.com.br\/uniao\/wp-json\/wp\/v2\/types\/post"}],"author":[{"embeddable":true,"href":"https:\/\/www.diariomunicipal-al.com.br\/uniao\/wp-json\/wp\/v2\/users\/2"}],"replies":[{"embeddable":true,"href":"https:\/\/www.diariomunicipal-al.com.br\/uniao\/wp-json\/wp\/v2\/comments?post=2481"}],"version-history":[{"count":1,"href":"https:\/\/www.diariomunicipal-al.com.br\/uniao\/wp-json\/wp\/v2\/posts\/2481\/revisions"}],"predecessor-version":[{"id":2482,"href":"https:\/\/www.diariomunicipal-al.com.br\/uniao\/wp-json\/wp\/v2\/posts\/2481\/revisions\/2482"}],"wp:attachment":[{"href":"https:\/\/www.diariomunicipal-al.com.br\/uniao\/wp-json\/wp\/v2\/media?parent=2481"}],"wp:term":[{"taxonomy":"category","embeddable":true,"href":"https:\/\/www.diariomunicipal-al.com.br\/uniao\/wp-json\/wp\/v2\/categories?post=2481"},{"taxonomy":"post_tag","embeddable":true,"href":"https:\/\/www.diariomunicipal-al.com.br\/uniao\/wp-json\/wp\/v2\/tags?post=2481"}],"curies":[{"name":"wp","href":"https:\/\/api.w.org\/{rel}","templated":true}]}}