{"id":2486,"date":"2024-07-04T18:20:23","date_gmt":"2024-07-04T21:20:23","guid":{"rendered":"https:\/\/www.diariomunicipal-al.com.br\/uniao\/?p=2486"},"modified":"2024-07-04T18:20:23","modified_gmt":"2024-07-04T21:20:23","slug":"termo-aditivo","status":"publish","type":"post","link":"https:\/\/www.diariomunicipal-al.com.br\/uniao\/termo-aditivo\/","title":{"rendered":"TERMO ADITIVO"},"content":{"rendered":"\n<p>TERMO ADITIVO AO CONV\u00caNIO PARA EXECU\u00c7\u00c3O DO TRABALHO SOCIAL CELEBRADO ENTRE A CAIXA ECON\u00d4MICA FEDERAL E MUNIC\u00cdPIO DE UNI\u00c3O DOS PALMARES, NO \u00c2MBITO DO PROGRAMA MINHA CASA MINHA VIDA &#8211; PMCMV-FAR<\/p>\n\n\n\n<div data-wp-interactive=\"core\/file\" class=\"wp-block-file\"><object data-wp-bind--hidden=\"!state.hasPdfPreview\" hidden class=\"wp-block-file__embed\" data=\"https:\/\/www.diariomunicipal-al.com.br\/uniao\/wp-content\/uploads\/2024\/07\/TERMO-ADITIVO-RES-CONCEICAO-LYRA-II.pdf\" type=\"application\/pdf\" style=\"width:100%;height:600px\" aria-label=\"Incorporado de Incorporado de TERMO-ADITIVO-RES-CONCEICAO-LYRA-II..\"><\/object><a href=\"https:\/\/www.diariomunicipal-al.com.br\/uniao\/wp-content\/uploads\/2024\/07\/TERMO-ADITIVO-RES-CONCEICAO-LYRA-II.pdf\">TERMO-ADITIVO-RES-CONCEICAO-LYRA-II<\/a><a href=\"https:\/\/www.diariomunicipal-al.com.br\/uniao\/wp-content\/uploads\/2024\/07\/TERMO-ADITIVO-RES-CONCEICAO-LYRA-II.pdf\" class=\"wp-block-file__button\" download>Baixar<\/a><\/div>\n\n\n\n<div data-wp-interactive=\"core\/file\" class=\"wp-block-file\"><object data-wp-bind--hidden=\"!state.hasPdfPreview\" hidden class=\"wp-block-file__embed\" data=\"https:\/\/www.diariomunicipal-al.com.br\/uniao\/wp-content\/uploads\/2024\/07\/PUBLICADOS-02072024-PARTE-I.pdf\" type=\"application\/pdf\" style=\"width:100%;height:600px\" aria-label=\"Incorporado de Incorporado de PUBLICADOS-02072024-PARTE-I..\"><\/object><a href=\"https:\/\/www.diariomunicipal-al.com.br\/uniao\/wp-content\/uploads\/2024\/07\/PUBLICADOS-02072024-PARTE-I.pdf\">PUBLICADOS-02072024-PARTE-I<\/a><a href=\"https:\/\/www.diariomunicipal-al.com.br\/uniao\/wp-content\/uploads\/2024\/07\/PUBLICADOS-02072024-PARTE-I.pdf\" class=\"wp-block-file__button\" download>Baixar<\/a><\/div>\n","protected":false},"excerpt":{"rendered":"<p>TERMO ADITIVO AO CONV\u00caNIO PARA EXECU\u00c7\u00c3O DO TRABALHO SOCIAL CELEBRADO ENTRE A CAIXA ECON\u00d4MICA FEDERAL E MUNIC\u00cdPIO DE UNI\u00c3O DOS PALMARES, NO \u00c2MBITO DO PROGRAMA MINHA CASA MINHA VIDA &#8211; PMCMV-FAR<\/p>\n","protected":false},"author":2,"featured_media":0,"comment_status":"open","ping_status":"open","sticky":false,"template":"","format":"standard","meta":{"footnotes":""},"categories":[5],"tags":[],"class_list":["post-2486","post","type-post","status-publish","format-standard","hentry","category-outros"],"_links":{"self":[{"href":"https:\/\/www.diariomunicipal-al.com.br\/uniao\/wp-json\/wp\/v2\/posts\/2486","targetHints":{"allow":["GET"]}}],"collection":[{"href":"https:\/\/www.diariomunicipal-al.com.br\/uniao\/wp-json\/wp\/v2\/posts"}],"about":[{"href":"https:\/\/www.diariomunicipal-al.com.br\/uniao\/wp-json\/wp\/v2\/types\/post"}],"author":[{"embeddable":true,"href":"https:\/\/www.diariomunicipal-al.com.br\/uniao\/wp-json\/wp\/v2\/users\/2"}],"replies":[{"embeddable":true,"href":"https:\/\/www.diariomunicipal-al.com.br\/uniao\/wp-json\/wp\/v2\/comments?post=2486"}],"version-history":[{"count":1,"href":"https:\/\/www.diariomunicipal-al.com.br\/uniao\/wp-json\/wp\/v2\/posts\/2486\/revisions"}],"predecessor-version":[{"id":2489,"href":"https:\/\/www.diariomunicipal-al.com.br\/uniao\/wp-json\/wp\/v2\/posts\/2486\/revisions\/2489"}],"wp:attachment":[{"href":"https:\/\/www.diariomunicipal-al.com.br\/uniao\/wp-json\/wp\/v2\/media?parent=2486"}],"wp:term":[{"taxonomy":"category","embeddable":true,"href":"https:\/\/www.diariomunicipal-al.com.br\/uniao\/wp-json\/wp\/v2\/categories?post=2486"},{"taxonomy":"post_tag","embeddable":true,"href":"https:\/\/www.diariomunicipal-al.com.br\/uniao\/wp-json\/wp\/v2\/tags?post=2486"}],"curies":[{"name":"wp","href":"https:\/\/api.w.org\/{rel}","templated":true}]}}