{"id":2492,"date":"2024-07-03T09:58:00","date_gmt":"2024-07-03T12:58:00","guid":{"rendered":"https:\/\/www.diariomunicipal-al.com.br\/uniao\/?p=2492"},"modified":"2024-10-15T16:18:11","modified_gmt":"2024-10-15T19:18:11","slug":"portaria-no-57-2024-2-de-julho-de-2024","status":"publish","type":"post","link":"https:\/\/www.diariomunicipal-al.com.br\/uniao\/portaria-no-57-2024-2-de-julho-de-2024\/","title":{"rendered":"PORTARIA N\u00ba 57\/2024, 2 DE JULHO DE 2024."},"content":{"rendered":"\n<p>Nomeia o Conselho Municipal dos Direitos e Prote\u00e7\u00e3o da Pessoa Idosa de Uni\u00e3o dos Palmares, Alagoas.<\/p>\n\n\n\n<p><\/p>\n\n\n\n<p><strong>O PREFEITO DE UNI\u00c3O DOS PALMARES<\/strong>, no uso de suas atribui\u00e7\u00f5es e prerrogativas legais;<\/p>\n\n\n\n<p><strong>CONSIDERANDO <\/strong>o disposto na Lei Municipal n\u00ba 1.100, de 13 de dezembro de 2007, que cria o Conselho Municipal dos Direitos e Prote\u00e7\u00e3o da Pessoa Idosa e suas altera\u00e7\u00f5es pela Lei Municipal n\u00ba 1.546\/2024;&nbsp;<\/p>\n\n\n\n<p><\/p>\n\n\n\n<p><strong>RESOLVE:<\/strong><\/p>\n\n\n\n<p><\/p>\n\n\n\n<p><strong>Art. 1\u00ba <\/strong>Nomear o Conselho Municipal dos Direitos e Prote\u00e7\u00e3o da Pessoa Idosa de Uni\u00e3o dos Palmares, Alagoas, para exercer o mandato bienal a contar da data de publica\u00e7\u00e3o desta portaria, passando, portanto, a ser constitu\u00eddo com os seguintes membros:<\/p>\n\n\n\n<ol class=\"wp-block-list\"><li><strong>Representantes de \u00f3rg\u00e3os ou entidades governamentais<\/strong><\/li><\/ol>\n\n\n\n<ul class=\"wp-block-list\"><li>Secretaria Municipal de Assist\u00eancia Social<\/li><\/ul>\n\n\n\n<p>Titular: Sandro da Costa Melo<\/p>\n\n\n\n<p>Suplente: Juliana Carolayne Ferreira da Silva<\/p>\n\n\n\n<ul class=\"wp-block-list\"><li>Secretaria Municipal de Educa\u00e7\u00e3o<\/li><\/ul>\n\n\n\n<p>Titular: Aparecida Ambr\u00f3sio<\/p>\n\n\n\n<p>Suplente: Wanessa L\u00facia da Silva<\/p>\n\n\n\n<ul class=\"wp-block-list\"><li>Secretaria Municipal de Sa\u00fade<\/li><\/ul>\n\n\n\n<p>Titular: Dayanne Hon\u00f3rio Diniz<\/p>\n\n\n\n<p>Suplente: Maciely Alves Feliciano<\/p>\n\n\n\n<ul class=\"wp-block-list\"><li>Secretaria Municipal Geral de Administra\u00e7\u00e3o<\/li><\/ul>\n\n\n\n<p>Titular: Lucilene Paulo da Silva<\/p>\n\n\n\n<p>Suplente: Adhara Ferreira dos Santos<\/p>\n\n\n\n<ol class=\"wp-block-list\" start=\"2\"><li><strong>Representantes de \u00f3rg\u00e3os ou entidades n\u00e3o-governamentais<\/strong><\/li><\/ol>\n\n\n\n<ul class=\"wp-block-list\"><li>Abrigo Santo Ant\u00f4nio<\/li><\/ul>\n\n\n\n<p>Titular: Ana Paula Moura de Melo Silva<\/p>\n\n\n\n<p>Suplente: Lucileide do Nascimento Torres<\/p>\n\n\n\n<ul class=\"wp-block-list\"><li>Associa\u00e7\u00e3o Regional de Defesa dos Direitos da Mulher<\/li><\/ul>\n\n\n\n<p>Titular: Josefa Maria Guarda<\/p>\n\n\n\n<p>Suplente: Maria de Figueiredo Silva<\/p>\n\n\n\n<ul class=\"wp-block-list\"><li>Associa\u00e7\u00e3o dos Deficientes F\u00edsicos de Uni\u00e3o dos Palmares \u2013 ADEFUP<\/li><\/ul>\n\n\n\n<p>Titular: Edna Merencio<\/p>\n\n\n\n<p>Suplente: Jos\u00e9 Francelino da Silva<\/p>\n\n\n\n<ul class=\"wp-block-list\"><li>Funda\u00e7\u00e3o Rosa M\u00edstica<\/li><\/ul>\n\n\n\n<p>Titular: Jos\u00e9 Leandro de Lima<\/p>\n\n\n\n<p>Suplente: Denize Maria Reginalda da Silva<\/p>\n\n\n\n<p><strong>Art. 2\u00ba <\/strong>Esta portaria entra em vigor na data de sua publica\u00e7\u00e3o, revogadas as disposi\u00e7\u00f5es em contr\u00e1rio.<\/p>\n\n\n\n<p><\/p>\n\n\n\n<p>Uni\u00e3o dos Palmares, Alagoas, em 2 de julho de 2024.<\/p>\n\n\n\n<p><\/p>\n\n\n\n<p><strong>ARESKI DAMARA DE OMENA FREITAS JUNIOR<\/strong><\/p>\n\n\n\n<p>Prefeito<\/p>\n","protected":false},"excerpt":{"rendered":"<p>Nomeia o Conselho Municipal dos Direitos e Prote\u00e7\u00e3o da Pessoa Idosa de Uni\u00e3o dos Palmares, Alagoas. O PREFEITO DE UNI\u00c3O DOS PALMARES, no uso de suas atribui\u00e7\u00f5es e prerrogativas legais; CONSIDERANDO o disposto na Lei Municipal n\u00ba 1.100, de 13 de dezembro de 2007, que cria o Conselho Municipal dos Direitos e Prote\u00e7\u00e3o da Pessoa [&hellip;]<\/p>\n","protected":false},"author":2,"featured_media":0,"comment_status":"open","ping_status":"open","sticky":false,"template":"","format":"standard","meta":{"footnotes":""},"categories":[6],"tags":[],"class_list":["post-2492","post","type-post","status-publish","format-standard","hentry","category-portarias"],"_links":{"self":[{"href":"https:\/\/www.diariomunicipal-al.com.br\/uniao\/wp-json\/wp\/v2\/posts\/2492","targetHints":{"allow":["GET"]}}],"collection":[{"href":"https:\/\/www.diariomunicipal-al.com.br\/uniao\/wp-json\/wp\/v2\/posts"}],"about":[{"href":"https:\/\/www.diariomunicipal-al.com.br\/uniao\/wp-json\/wp\/v2\/types\/post"}],"author":[{"embeddable":true,"href":"https:\/\/www.diariomunicipal-al.com.br\/uniao\/wp-json\/wp\/v2\/users\/2"}],"replies":[{"embeddable":true,"href":"https:\/\/www.diariomunicipal-al.com.br\/uniao\/wp-json\/wp\/v2\/comments?post=2492"}],"version-history":[{"count":2,"href":"https:\/\/www.diariomunicipal-al.com.br\/uniao\/wp-json\/wp\/v2\/posts\/2492\/revisions"}],"predecessor-version":[{"id":2692,"href":"https:\/\/www.diariomunicipal-al.com.br\/uniao\/wp-json\/wp\/v2\/posts\/2492\/revisions\/2692"}],"wp:attachment":[{"href":"https:\/\/www.diariomunicipal-al.com.br\/uniao\/wp-json\/wp\/v2\/media?parent=2492"}],"wp:term":[{"taxonomy":"category","embeddable":true,"href":"https:\/\/www.diariomunicipal-al.com.br\/uniao\/wp-json\/wp\/v2\/categories?post=2492"},{"taxonomy":"post_tag","embeddable":true,"href":"https:\/\/www.diariomunicipal-al.com.br\/uniao\/wp-json\/wp\/v2\/tags?post=2492"}],"curies":[{"name":"wp","href":"https:\/\/api.w.org\/{rel}","templated":true}]}}