{"id":2519,"date":"2024-07-03T10:50:00","date_gmt":"2024-07-03T13:50:00","guid":{"rendered":"https:\/\/www.diariomunicipal-al.com.br\/uniao\/?p=2519"},"modified":"2024-07-11T12:51:52","modified_gmt":"2024-07-11T15:51:52","slug":"lei-municipal-no-1-589-2024-3-de-julho-de-2024","status":"publish","type":"post","link":"https:\/\/www.diariomunicipal-al.com.br\/uniao\/lei-municipal-no-1-589-2024-3-de-julho-de-2024\/","title":{"rendered":"LEI MUNICIPAL N\u00ba 1.589\/2024, 3 DE JULHO DE 2024"},"content":{"rendered":"\n<p>Disp\u00f5e sobre o acompanhamento psicol\u00f3gico e assistencial aos respons\u00e1veis por pessoas com defici\u00eancia no munic\u00edpio de Uni\u00e3o dos Palmares e d\u00e1 outras provid\u00eancias.<\/p>\n\n\n\n<p><\/p>\n\n\n\n<p><strong>O<\/strong> <strong>PREFEITO DE UNI\u00c3O DOS PALMARES, ALAGOAS, <\/strong>no uso das atribui\u00e7\u00f5es que lhe s\u00e3o conferidas por lei, faz saber que a C\u00e2mara Municipal decretou e eu sanciono a seguinte lei:<\/p>\n\n\n\n<p><\/p>\n\n\n\n<p><strong>Art. 1\u00ba <\/strong>Fica institu\u00eddo o programa de acompanhamento psicol\u00f3gico e assistencial aos respons\u00e1veis por pessoas com defici\u00eancia no \u00e2mbito do munic\u00edpio de Uni\u00e3o dos Palmares.<\/p>\n\n\n\n<p><strong>Art. 2\u00ba <\/strong>O acompanhamento psicol\u00f3gico e assistencial ter\u00e1 como objetivo principal proporcionar apoio emocional e orienta\u00e7\u00e3o aos respons\u00e1veis por pessoas com defici\u00eancia, visando auxili\u00e1-las a compreender e lidar com a condi\u00e7\u00e3o de seus filhos, promovendo a inclus\u00e3o social e combatendo o estigma e a discrimina\u00e7\u00e3o.<\/p>\n\n\n\n<p><strong>Art. 3\u00ba <\/strong>O acompanhamento psicol\u00f3gico e assistencial ser\u00e1 oferecido de forma cont\u00ednua e gratuita \u00e0 pessoa com renda de at\u00e9 2 (dois) sal\u00e1rios-m\u00ednimos, podendo ser estendido a outros membros da fam\u00edlia, conforme necess\u00e1rio.<\/p>\n\n\n\n<p><strong>Art. 4\u00ba <\/strong>O programa ser\u00e1 coordenado pelas Secretarias Municipais de Sa\u00fade e de Assist\u00eancia Social, que ficar\u00e3o respons\u00e1veis pela designa\u00e7\u00e3o de psic\u00f3logos e assistentes sociais para realizarem o acompanhamento.<\/p>\n\n\n\n<p><strong>Art. 5\u00ba <\/strong>As despesas com a execu\u00e7\u00e3o da presente lei ocorrer\u00e3o por conta das dota\u00e7\u00f5es or\u00e7ament\u00e1rias pr\u00f3prias, suplementadas, se necess\u00e1rio.<\/p>\n\n\n\n<p><strong>Art. 6\u00ba <\/strong>A execu\u00e7\u00e3o desta lei poder\u00e1 se dar com celebra\u00e7\u00e3o de conv\u00eanios e parcerias com \u00f3rg\u00e3os estaduais, federais, organiza\u00e7\u00f5es n\u00e3o governamentais e demais entidades interessadas, visando a amplia\u00e7\u00e3o e melhoria do programa.<\/p>\n\n\n\n<p><strong>Art. 7\u00ba <\/strong>Caber\u00e1 ao Poder Executivo regulamentar a presente lei, que entra em vigor na data de sua publica\u00e7\u00e3o, revogadas as disposi\u00e7\u00f5es em contr\u00e1rio.<\/p>\n\n\n\n<p><\/p>\n\n\n\n<p>Uni\u00e3o dos Palmares, Alagoas, em 3 de julho de 2024.<\/p>\n\n\n\n<p><\/p>\n\n\n\n<p><strong>ARESKI DAMARA DE OMENA FREITAS JUNIOR<\/strong><\/p>\n\n\n\n<p>Prefeito<\/p>\n","protected":false},"excerpt":{"rendered":"<p>Disp\u00f5e sobre o acompanhamento psicol\u00f3gico e assistencial aos respons\u00e1veis por pessoas com defici\u00eancia no munic\u00edpio de Uni\u00e3o dos Palmares e d\u00e1 outras provid\u00eancias. O PREFEITO DE UNI\u00c3O DOS PALMARES, ALAGOAS, no uso das atribui\u00e7\u00f5es que lhe s\u00e3o conferidas por lei, faz saber que a C\u00e2mara Municipal decretou e eu sanciono a seguinte lei: Art. 1\u00ba [&hellip;]<\/p>\n","protected":false},"author":2,"featured_media":0,"comment_status":"open","ping_status":"open","sticky":false,"template":"","format":"standard","meta":{"footnotes":""},"categories":[2],"tags":[],"class_list":["post-2519","post","type-post","status-publish","format-standard","hentry","category-leis"],"_links":{"self":[{"href":"https:\/\/www.diariomunicipal-al.com.br\/uniao\/wp-json\/wp\/v2\/posts\/2519","targetHints":{"allow":["GET"]}}],"collection":[{"href":"https:\/\/www.diariomunicipal-al.com.br\/uniao\/wp-json\/wp\/v2\/posts"}],"about":[{"href":"https:\/\/www.diariomunicipal-al.com.br\/uniao\/wp-json\/wp\/v2\/types\/post"}],"author":[{"embeddable":true,"href":"https:\/\/www.diariomunicipal-al.com.br\/uniao\/wp-json\/wp\/v2\/users\/2"}],"replies":[{"embeddable":true,"href":"https:\/\/www.diariomunicipal-al.com.br\/uniao\/wp-json\/wp\/v2\/comments?post=2519"}],"version-history":[{"count":1,"href":"https:\/\/www.diariomunicipal-al.com.br\/uniao\/wp-json\/wp\/v2\/posts\/2519\/revisions"}],"predecessor-version":[{"id":2520,"href":"https:\/\/www.diariomunicipal-al.com.br\/uniao\/wp-json\/wp\/v2\/posts\/2519\/revisions\/2520"}],"wp:attachment":[{"href":"https:\/\/www.diariomunicipal-al.com.br\/uniao\/wp-json\/wp\/v2\/media?parent=2519"}],"wp:term":[{"taxonomy":"category","embeddable":true,"href":"https:\/\/www.diariomunicipal-al.com.br\/uniao\/wp-json\/wp\/v2\/categories?post=2519"},{"taxonomy":"post_tag","embeddable":true,"href":"https:\/\/www.diariomunicipal-al.com.br\/uniao\/wp-json\/wp\/v2\/tags?post=2519"}],"curies":[{"name":"wp","href":"https:\/\/api.w.org\/{rel}","templated":true}]}}