{"id":2521,"date":"2024-07-11T12:53:02","date_gmt":"2024-07-11T15:53:02","guid":{"rendered":"https:\/\/www.diariomunicipal-al.com.br\/uniao\/?p=2521"},"modified":"2024-07-11T12:53:02","modified_gmt":"2024-07-11T15:53:02","slug":"lei-municipal-no-1-590-2024-11-de-julho-de-2024","status":"publish","type":"post","link":"https:\/\/www.diariomunicipal-al.com.br\/uniao\/lei-municipal-no-1-590-2024-11-de-julho-de-2024\/","title":{"rendered":"LEI MUNICIPAL N\u00ba 1.590\/2024, 11 DE JULHO DE 2024."},"content":{"rendered":"\n<p>Revoga o artigo 2\u00ba da Lei Municipal n\u00ba 870\/1998, que versa sobre a poss\u00edvel reserva de mercado da atividade de mototaxista restrita \u00e0 Associa\u00e7\u00e3o dos Mototaxistas de Uni\u00e3o dos Palmares.<\/p>\n\n\n\n<p><\/p>\n\n\n\n<p><strong>O<\/strong> <strong>PREFEITO DE UNI\u00c3O DOS PALMARES, ALAGOAS, <\/strong>no uso das atribui\u00e7\u00f5es que lhe s\u00e3o conferidas por lei, faz saber que a C\u00e2mara Municipal decretou e eu sanciono a seguinte lei:<\/p>\n\n\n\n<p><\/p>\n\n\n\n<p><strong>Art. 1\u00ba<\/strong> Fica revogado o artigo 2\u00ba da Lei Municipal n\u00ba 870, de 9 de janeiro de 1998, que institui reserva de mercado da atividade de mototaxista restrita aos associados da Associa\u00e7\u00e3o dos Mototaxistas de Uni\u00e3o dos Palmares, Alagoas.<\/p>\n\n\n\n<p><strong>Art. 2\u00ba <\/strong>Esta lei entra em vigor na data de sua publica\u00e7\u00e3o.<\/p>\n\n\n\n<p><\/p>\n\n\n\n<p>Uni\u00e3o dos Palmares, Alagoas, em 11 de julho de 2024.<\/p>\n\n\n\n<p><\/p>\n\n\n\n<p><strong>ARESKI DAMARA DE OMENA FREITAS JUNIOR<\/strong><\/p>\n\n\n\n<p>Prefeito<\/p>\n","protected":false},"excerpt":{"rendered":"<p>Revoga o artigo 2\u00ba da Lei Municipal n\u00ba 870\/1998, que versa sobre a poss\u00edvel reserva de mercado da atividade de mototaxista restrita \u00e0 Associa\u00e7\u00e3o dos Mototaxistas de Uni\u00e3o dos Palmares. O PREFEITO DE UNI\u00c3O DOS PALMARES, ALAGOAS, no uso das atribui\u00e7\u00f5es que lhe s\u00e3o conferidas por lei, faz saber que a C\u00e2mara Municipal decretou e [&hellip;]<\/p>\n","protected":false},"author":2,"featured_media":0,"comment_status":"open","ping_status":"open","sticky":false,"template":"","format":"standard","meta":{"footnotes":""},"categories":[2],"tags":[],"class_list":["post-2521","post","type-post","status-publish","format-standard","hentry","category-leis"],"_links":{"self":[{"href":"https:\/\/www.diariomunicipal-al.com.br\/uniao\/wp-json\/wp\/v2\/posts\/2521","targetHints":{"allow":["GET"]}}],"collection":[{"href":"https:\/\/www.diariomunicipal-al.com.br\/uniao\/wp-json\/wp\/v2\/posts"}],"about":[{"href":"https:\/\/www.diariomunicipal-al.com.br\/uniao\/wp-json\/wp\/v2\/types\/post"}],"author":[{"embeddable":true,"href":"https:\/\/www.diariomunicipal-al.com.br\/uniao\/wp-json\/wp\/v2\/users\/2"}],"replies":[{"embeddable":true,"href":"https:\/\/www.diariomunicipal-al.com.br\/uniao\/wp-json\/wp\/v2\/comments?post=2521"}],"version-history":[{"count":1,"href":"https:\/\/www.diariomunicipal-al.com.br\/uniao\/wp-json\/wp\/v2\/posts\/2521\/revisions"}],"predecessor-version":[{"id":2522,"href":"https:\/\/www.diariomunicipal-al.com.br\/uniao\/wp-json\/wp\/v2\/posts\/2521\/revisions\/2522"}],"wp:attachment":[{"href":"https:\/\/www.diariomunicipal-al.com.br\/uniao\/wp-json\/wp\/v2\/media?parent=2521"}],"wp:term":[{"taxonomy":"category","embeddable":true,"href":"https:\/\/www.diariomunicipal-al.com.br\/uniao\/wp-json\/wp\/v2\/categories?post=2521"},{"taxonomy":"post_tag","embeddable":true,"href":"https:\/\/www.diariomunicipal-al.com.br\/uniao\/wp-json\/wp\/v2\/tags?post=2521"}],"curies":[{"name":"wp","href":"https:\/\/api.w.org\/{rel}","templated":true}]}}