{"id":2523,"date":"2024-07-11T12:53:46","date_gmt":"2024-07-11T15:53:46","guid":{"rendered":"https:\/\/www.diariomunicipal-al.com.br\/uniao\/?p=2523"},"modified":"2024-07-11T12:53:46","modified_gmt":"2024-07-11T15:53:46","slug":"lei-municipal-no-1-591-2024-11-de-julho-de-2024","status":"publish","type":"post","link":"https:\/\/www.diariomunicipal-al.com.br\/uniao\/lei-municipal-no-1-591-2024-11-de-julho-de-2024\/","title":{"rendered":"LEI MUNICIPAL N\u00ba 1.591\/2024, 11 DE JULHO DE 2024."},"content":{"rendered":"\n<p>Disp\u00f5e sobre a equipara\u00e7\u00e3o do piso salarial do cargo de Agente Sanit\u00e1rio &#8211; AS aos pisos salariais dos Agentes Comunit\u00e1rios de Sa\u00fade &#8211; ACS e Agentes de Combate \u00e0s Endemias &#8211; ACE no Munic\u00edpio de Uni\u00e3o dos Palmares.<\/p>\n\n\n\n<p><\/p>\n\n\n\n<p><strong>O<\/strong> <strong>PREFEITO DE UNI\u00c3O DOS PALMARES, ALAGOAS, <\/strong>no uso das atribui\u00e7\u00f5es que lhe s\u00e3o conferidas por lei, faz saber que a C\u00e2mara Municipal decretou e eu sanciono a seguinte lei:<\/p>\n\n\n\n<p><\/p>\n\n\n\n<p><strong>Art. 1\u00ba <\/strong>Fica equiparado o piso salarial do cargo de Agente de Vigil\u00e2ncia Sanit\u00e1ria aos pisos salariais dos Agentes Comunit\u00e1rios de Sa\u00fade &#8211; ACS e Agentes de Combate \u00e0s Endemias &#8211; ACE.<\/p>\n\n\n\n<p><strong>Art. 2\u00ba <\/strong>O piso salarial (vencimento) do cargo de Agente Comunit\u00e1rio de Sa\u00fade e Agente de Combate \u00e0s Endemias foi estabelecido por meio da Emenda Constitucional n\u00ba 120, de 05 de maio de 2022.<\/p>\n\n\n\n<p><strong>Art. 3\u00ba <\/strong>As despesas resultantes desta lei correr\u00e3o \u00e0 conta da Lei Or\u00e7ament\u00e1ria Anual &#8211; LOA de Uni\u00e3o dos Palmares, na rubrica or\u00e7ament\u00e1ria espec\u00edfica da Secretaria Municipal de Sa\u00fade.<\/p>\n\n\n\n<p><strong>Art. 4\u00ba <\/strong>Esta lei entra em vigor na data de sua publica\u00e7\u00e3o, produzindo efeitos a partir de 1\u00ba de janeiro de 2025, revogadas as disposi\u00e7\u00f5es em contr\u00e1rio.<\/p>\n\n\n\n<p><\/p>\n\n\n\n<p>Uni\u00e3o dos Palmares, Alagoas, em 11 de julho de 2024.<\/p>\n\n\n\n<p><\/p>\n\n\n\n<p><strong>ARESKI DAMARA DE OMENA FREITAS JUNIOR<\/strong><\/p>\n\n\n\n<p>Prefeito<\/p>\n","protected":false},"excerpt":{"rendered":"<p>Disp\u00f5e sobre a equipara\u00e7\u00e3o do piso salarial do cargo de Agente Sanit\u00e1rio &#8211; AS aos pisos salariais dos Agentes Comunit\u00e1rios de Sa\u00fade &#8211; ACS e Agentes de Combate \u00e0s Endemias &#8211; ACE no Munic\u00edpio de Uni\u00e3o dos Palmares. O PREFEITO DE UNI\u00c3O DOS PALMARES, ALAGOAS, no uso das atribui\u00e7\u00f5es que lhe s\u00e3o conferidas por lei, [&hellip;]<\/p>\n","protected":false},"author":2,"featured_media":0,"comment_status":"open","ping_status":"open","sticky":false,"template":"","format":"standard","meta":{"footnotes":""},"categories":[2],"tags":[],"class_list":["post-2523","post","type-post","status-publish","format-standard","hentry","category-leis"],"_links":{"self":[{"href":"https:\/\/www.diariomunicipal-al.com.br\/uniao\/wp-json\/wp\/v2\/posts\/2523","targetHints":{"allow":["GET"]}}],"collection":[{"href":"https:\/\/www.diariomunicipal-al.com.br\/uniao\/wp-json\/wp\/v2\/posts"}],"about":[{"href":"https:\/\/www.diariomunicipal-al.com.br\/uniao\/wp-json\/wp\/v2\/types\/post"}],"author":[{"embeddable":true,"href":"https:\/\/www.diariomunicipal-al.com.br\/uniao\/wp-json\/wp\/v2\/users\/2"}],"replies":[{"embeddable":true,"href":"https:\/\/www.diariomunicipal-al.com.br\/uniao\/wp-json\/wp\/v2\/comments?post=2523"}],"version-history":[{"count":1,"href":"https:\/\/www.diariomunicipal-al.com.br\/uniao\/wp-json\/wp\/v2\/posts\/2523\/revisions"}],"predecessor-version":[{"id":2524,"href":"https:\/\/www.diariomunicipal-al.com.br\/uniao\/wp-json\/wp\/v2\/posts\/2523\/revisions\/2524"}],"wp:attachment":[{"href":"https:\/\/www.diariomunicipal-al.com.br\/uniao\/wp-json\/wp\/v2\/media?parent=2523"}],"wp:term":[{"taxonomy":"category","embeddable":true,"href":"https:\/\/www.diariomunicipal-al.com.br\/uniao\/wp-json\/wp\/v2\/categories?post=2523"},{"taxonomy":"post_tag","embeddable":true,"href":"https:\/\/www.diariomunicipal-al.com.br\/uniao\/wp-json\/wp\/v2\/tags?post=2523"}],"curies":[{"name":"wp","href":"https:\/\/api.w.org\/{rel}","templated":true}]}}