{"id":2525,"date":"2024-07-11T12:55:21","date_gmt":"2024-07-11T15:55:21","guid":{"rendered":"https:\/\/www.diariomunicipal-al.com.br\/uniao\/?p=2525"},"modified":"2024-07-11T12:55:21","modified_gmt":"2024-07-11T15:55:21","slug":"lei-municipal-no-1-592-2024-11-de-julho-de-2024","status":"publish","type":"post","link":"https:\/\/www.diariomunicipal-al.com.br\/uniao\/lei-municipal-no-1-592-2024-11-de-julho-de-2024\/","title":{"rendered":"LEI MUNICIPAL N\u00ba 1.592\/2024, 11 DE JULHO DE 2024."},"content":{"rendered":"\n<p>Autoriza a cria\u00e7\u00e3o do Projeto de Atividade IMPLANTA\u00c7\u00c3O DA POL\u00cdTICA NACIONAL ALDIR BLANC DE FOMENTO \u00c0 CULTURA e d\u00e1 outras provid\u00eancias.<\/p>\n\n\n\n<p><\/p>\n\n\n\n<p><strong>O<\/strong> <strong>PREFEITO DE UNI\u00c3O DOS PALMARES, ALAGOAS, <\/strong>no uso das atribui\u00e7\u00f5es que lhe s\u00e3o conferidas por lei, faz saber que a C\u00e2mara Municipal decretou e eu sanciono a seguinte lei:<\/p>\n\n\n\n<p><\/p>\n\n\n\n<p><strong>Art. 1\u00ba <\/strong>Fica o Poder Executivo Municipal autorizado a criar, no or\u00e7amento vigente, o Projeto de Atividade da Pol\u00edtica Nacional Aldir Blanc no seguinte organograma or\u00e7ament\u00e1rio:<\/p>\n\n\n\n<p>13 392 0161 4183 0000 IMPLEMENTA\u00c7\u00c3O DA POL\u00cdTICA NACIONAL ALDIR BLANC DE FOMENTO \u00c0 CULTURA&nbsp;<\/p>\n\n\n\n<p>3.3.50.41.00 CONTRIBUI\u00c7\u00d5ES &nbsp; &nbsp; &nbsp; &nbsp; &nbsp; &nbsp; &nbsp; 100.000,00<\/p>\n\n\n\n<p>3.3.50.43.00 SUBVENCOES SOCIAIS &nbsp; &nbsp; &nbsp; &nbsp; &nbsp; &nbsp; &nbsp; 100.000,00<\/p>\n\n\n\n<p>3.3.90.30.00 MATERIAL DE CONSUMO &nbsp; &nbsp; &nbsp; &nbsp; &nbsp; &nbsp; &nbsp; &nbsp; 50.000,00<\/p>\n\n\n\n<p>3.3.90.31.00 PREMIA\u00c7\u00d5ES CULTURAIS, ART\u00cdSTICAS, CIENT\u00cdFICAS, DESPORTIVAS&nbsp; &nbsp; 200.000,00<\/p>\n\n\n\n<p>3.3.90.36.00 OUTROS SERVI\u00c7OS DE TERCEIROS &#8211; PESSOA F\u00cdSICA &nbsp; &nbsp; 50.000,00<\/p>\n\n\n\n<p>3.3.90.39.00 OUTROS SERVI\u00c7OS DE TERCEIROS &#8211; PESSOA JUR\u00cdDICA &nbsp; &nbsp; &nbsp; &nbsp; 50.000,00<\/p>\n\n\n\n<p>3.3.90.48.00 OUTROS AUX\u00cdLIOS FINANCEIROS A PESSOAS F\u00cdSICAS &nbsp; &nbsp; &nbsp; 100.000,00<\/p>\n\n\n\n<p>3.3.50.43.00 SUBVENCOES ECONOMICAS &nbsp; &nbsp; &nbsp; &nbsp; &nbsp; &nbsp; &nbsp; &nbsp; &nbsp; &nbsp; &nbsp; &nbsp; &nbsp; &nbsp; &nbsp; &nbsp; &nbsp; &nbsp; &nbsp; &nbsp; &nbsp; &nbsp; &nbsp; &nbsp; &nbsp; &nbsp; &nbsp; &nbsp; &nbsp; &nbsp; &nbsp; &nbsp; &nbsp; &nbsp; &nbsp; &nbsp; &nbsp; 50.000,00<\/p>\n\n\n\n<p>4.4.90.52.00 EQUIPAMENTOS E MATERIAL PERMANENTE &nbsp; &nbsp; &nbsp; &nbsp; &nbsp; &nbsp; &nbsp; &nbsp; &nbsp; &nbsp; &nbsp; &nbsp; &nbsp; &nbsp; &nbsp; &nbsp; &nbsp; &nbsp; &nbsp; &nbsp; &nbsp; &nbsp; &nbsp; &nbsp; 50.000,00<\/p>\n\n\n\n<p>3.3.90.39.16 MANUTEN\u00c7\u00c3O E CONSERVA\u00c7\u00c3O DE BENS IMOVEIS &nbsp; &nbsp; &nbsp; &nbsp; &nbsp; &nbsp; &nbsp; &nbsp; &nbsp; &nbsp; &nbsp; &nbsp; &nbsp; &nbsp; &nbsp; &nbsp; &nbsp; 50.000,00<\/p>\n\n\n\n<p><strong>Art. 2\u00ba <\/strong>Os recursos para implementa\u00e7\u00e3o desse projeto de atividade ser\u00e3o de origem do Governo Federal, atrav\u00e9s da Lei Federal n\u00ba 14.399\/2022, repassados ao Munic\u00edpio por meio da Secretaria Municipal de Cultura.<\/p>\n\n\n\n<p><strong>Par\u00e1grafo \u00fanico. <\/strong>Os recursos or\u00e7ament\u00e1rios ser\u00e3o feitos por anula\u00e7\u00e3o da dota\u00e7\u00e3o:<\/p>\n\n\n\n<p>13 392 0161 4138 0000 APOIO \u00c0S FESTIVIDADES C\u00cdVICAS, CULTURAIS E TRADICIONAIS<\/p>\n\n\n\n<p>3.3.50.43.00 SUBVENCOES SOCIAIS &nbsp; &nbsp; &nbsp; &nbsp; &nbsp; &nbsp; &nbsp; &nbsp; &nbsp; &nbsp; &nbsp; &nbsp; &nbsp; &nbsp; &nbsp; &nbsp; &nbsp; &nbsp; &nbsp; &nbsp; &nbsp; &nbsp; &nbsp; &nbsp; &nbsp; &nbsp; &nbsp; &nbsp; &nbsp; &nbsp; &nbsp; &nbsp; &nbsp; &nbsp; &nbsp; &nbsp; &nbsp; &nbsp; &nbsp; &nbsp; &nbsp; 650.000,00<\/p>\n\n\n\n<p><strong>Art. 3\u00ba <\/strong>Esta lei entra em vigor na data de sua publica\u00e7\u00e3o, com efeito or\u00e7ament\u00e1rio a partir de 1\u00ba de junho de 2024, revogadas disposi\u00e7\u00f5es em contr\u00e1rio.<\/p>\n\n\n\n<p><\/p>\n\n\n\n<p>Uni\u00e3o dos Palmares, Alagoas, em 11 de julho de 2024.<\/p>\n\n\n\n<p><\/p>\n\n\n\n<p><strong>ARESKI DAMARA DE OMENA FREITAS JUNIOR<\/strong><\/p>\n\n\n\n<p>Prefeito<\/p>\n","protected":false},"excerpt":{"rendered":"<p>Autoriza a cria\u00e7\u00e3o do Projeto de Atividade IMPLANTA\u00c7\u00c3O DA POL\u00cdTICA NACIONAL ALDIR BLANC DE FOMENTO \u00c0 CULTURA e d\u00e1 outras provid\u00eancias. O PREFEITO DE UNI\u00c3O DOS PALMARES, ALAGOAS, no uso das atribui\u00e7\u00f5es que lhe s\u00e3o conferidas por lei, faz saber que a C\u00e2mara Municipal decretou e eu sanciono a seguinte lei: Art. 1\u00ba Fica o [&hellip;]<\/p>\n","protected":false},"author":2,"featured_media":0,"comment_status":"open","ping_status":"open","sticky":false,"template":"","format":"standard","meta":{"footnotes":""},"categories":[2],"tags":[],"class_list":["post-2525","post","type-post","status-publish","format-standard","hentry","category-leis"],"_links":{"self":[{"href":"https:\/\/www.diariomunicipal-al.com.br\/uniao\/wp-json\/wp\/v2\/posts\/2525","targetHints":{"allow":["GET"]}}],"collection":[{"href":"https:\/\/www.diariomunicipal-al.com.br\/uniao\/wp-json\/wp\/v2\/posts"}],"about":[{"href":"https:\/\/www.diariomunicipal-al.com.br\/uniao\/wp-json\/wp\/v2\/types\/post"}],"author":[{"embeddable":true,"href":"https:\/\/www.diariomunicipal-al.com.br\/uniao\/wp-json\/wp\/v2\/users\/2"}],"replies":[{"embeddable":true,"href":"https:\/\/www.diariomunicipal-al.com.br\/uniao\/wp-json\/wp\/v2\/comments?post=2525"}],"version-history":[{"count":1,"href":"https:\/\/www.diariomunicipal-al.com.br\/uniao\/wp-json\/wp\/v2\/posts\/2525\/revisions"}],"predecessor-version":[{"id":2526,"href":"https:\/\/www.diariomunicipal-al.com.br\/uniao\/wp-json\/wp\/v2\/posts\/2525\/revisions\/2526"}],"wp:attachment":[{"href":"https:\/\/www.diariomunicipal-al.com.br\/uniao\/wp-json\/wp\/v2\/media?parent=2525"}],"wp:term":[{"taxonomy":"category","embeddable":true,"href":"https:\/\/www.diariomunicipal-al.com.br\/uniao\/wp-json\/wp\/v2\/categories?post=2525"},{"taxonomy":"post_tag","embeddable":true,"href":"https:\/\/www.diariomunicipal-al.com.br\/uniao\/wp-json\/wp\/v2\/tags?post=2525"}],"curies":[{"name":"wp","href":"https:\/\/api.w.org\/{rel}","templated":true}]}}