{"id":2533,"date":"2024-07-15T15:57:41","date_gmt":"2024-07-15T18:57:41","guid":{"rendered":"https:\/\/www.diariomunicipal-al.com.br\/uniao\/?p=2533"},"modified":"2024-07-15T15:57:41","modified_gmt":"2024-07-15T18:57:41","slug":"relacao-dos-contemplados-do-edital-de-incentivo-de-agentes-culturais-de-uniao-dos-palmares-al","status":"publish","type":"post","link":"https:\/\/www.diariomunicipal-al.com.br\/uniao\/relacao-dos-contemplados-do-edital-de-incentivo-de-agentes-culturais-de-uniao-dos-palmares-al\/","title":{"rendered":"RELA\u00c7\u00c3O DOS CONTEMPLADOS DO EDITAL DE INCENTIVO DE AGENTES CULTURAIS DE UNI\u00c3O DOS PALMARES \u2013 AL"},"content":{"rendered":"\n<figure class=\"wp-block-table\"><table><tbody><tr><td><strong>N\u00b0<\/strong><strong><\/strong><\/td><td><strong>CONTEMPLADOS<\/strong><strong><\/strong><\/td><\/tr><tr><td><strong>01<\/strong><\/td><td><strong>SEVERINO FEITOSA<\/strong><\/td><\/tr><tr><td><strong>02<\/strong><\/td><td><strong>CESAR JOS\u00c9 DE OLIVEIRA SILVA<\/strong><\/td><\/tr><tr><td><strong>03<\/strong><\/td><td><strong>MARCOS ANTONIO DA SILVA<\/strong><\/td><\/tr><tr><td><strong>04<\/strong><\/td><td><strong>JILDALDO DE ARAUJO<\/strong><\/td><\/tr><tr><td><strong>05<\/strong><\/td><td><strong>LIZANEL CANDIDO DA SILVA<\/strong><\/td><\/tr><tr><td><strong>06<\/strong><\/td><td><strong>EMONOEL CABRAL DA SILVA<\/strong><\/td><\/tr><tr><td><strong>07<\/strong><\/td><td><strong>MONICA LIMA SOARES<\/strong><\/td><\/tr><tr><td><strong>08<\/strong><\/td><td><strong>JANYLZA CABRAL DA SILVA<\/strong><\/td><\/tr><tr><td><strong>09<\/strong><\/td><td><strong>ARMANDO BARBOSA DA SILVA<\/strong><\/td><\/tr><tr><td><strong>10<\/strong><\/td><td><strong>AINTON ROCHA SOARES<\/strong><\/td><\/tr><\/tbody><\/table><\/figure>\n\n\n\n<p><strong>Maria Elizabete de Oliveira Silva<\/strong><\/p>\n\n\n\n<p><strong>Secret\u00e1ria de Cultura<\/strong><\/p>\n","protected":false},"excerpt":{"rendered":"<p>N\u00b0 CONTEMPLADOS 01 SEVERINO FEITOSA 02 CESAR JOS\u00c9 DE OLIVEIRA SILVA 03 MARCOS ANTONIO DA SILVA 04 JILDALDO DE ARAUJO 05 LIZANEL CANDIDO DA SILVA 06 EMONOEL CABRAL DA SILVA 07 MONICA LIMA SOARES 08 JANYLZA CABRAL DA SILVA 09 ARMANDO BARBOSA DA SILVA 10 AINTON ROCHA SOARES Maria Elizabete de Oliveira Silva Secret\u00e1ria de [&hellip;]<\/p>\n","protected":false},"author":5,"featured_media":0,"comment_status":"open","ping_status":"open","sticky":false,"template":"","format":"standard","meta":{"footnotes":""},"categories":[1],"tags":[],"class_list":["post-2533","post","type-post","status-publish","format-standard","hentry","category-licitacoes"],"_links":{"self":[{"href":"https:\/\/www.diariomunicipal-al.com.br\/uniao\/wp-json\/wp\/v2\/posts\/2533","targetHints":{"allow":["GET"]}}],"collection":[{"href":"https:\/\/www.diariomunicipal-al.com.br\/uniao\/wp-json\/wp\/v2\/posts"}],"about":[{"href":"https:\/\/www.diariomunicipal-al.com.br\/uniao\/wp-json\/wp\/v2\/types\/post"}],"author":[{"embeddable":true,"href":"https:\/\/www.diariomunicipal-al.com.br\/uniao\/wp-json\/wp\/v2\/users\/5"}],"replies":[{"embeddable":true,"href":"https:\/\/www.diariomunicipal-al.com.br\/uniao\/wp-json\/wp\/v2\/comments?post=2533"}],"version-history":[{"count":1,"href":"https:\/\/www.diariomunicipal-al.com.br\/uniao\/wp-json\/wp\/v2\/posts\/2533\/revisions"}],"predecessor-version":[{"id":2534,"href":"https:\/\/www.diariomunicipal-al.com.br\/uniao\/wp-json\/wp\/v2\/posts\/2533\/revisions\/2534"}],"wp:attachment":[{"href":"https:\/\/www.diariomunicipal-al.com.br\/uniao\/wp-json\/wp\/v2\/media?parent=2533"}],"wp:term":[{"taxonomy":"category","embeddable":true,"href":"https:\/\/www.diariomunicipal-al.com.br\/uniao\/wp-json\/wp\/v2\/categories?post=2533"},{"taxonomy":"post_tag","embeddable":true,"href":"https:\/\/www.diariomunicipal-al.com.br\/uniao\/wp-json\/wp\/v2\/tags?post=2533"}],"curies":[{"name":"wp","href":"https:\/\/api.w.org\/{rel}","templated":true}]}}