{"id":2556,"date":"2024-07-11T12:33:00","date_gmt":"2024-07-11T15:33:00","guid":{"rendered":"https:\/\/www.diariomunicipal-al.com.br\/uniao\/?p=2556"},"modified":"2024-08-01T12:33:55","modified_gmt":"2024-08-01T15:33:55","slug":"portaria-no-67-2024-10-de-julho-de-2024","status":"publish","type":"post","link":"https:\/\/www.diariomunicipal-al.com.br\/uniao\/portaria-no-67-2024-10-de-julho-de-2024\/","title":{"rendered":"PORTARIA N\u00ba 67\/2024, 10 DE JULHO DE 2024."},"content":{"rendered":"\n<p>Nomeia o Conselho Municipal de Pol\u00edtica Cultural de Uni\u00e3o dos Palmares, Alagoas.<\/p>\n\n\n\n<p><\/p>\n\n\n\n<p><strong>O PREFEITO DE UNI\u00c3O DOS PALMARES<\/strong>, no uso de suas atribui\u00e7\u00f5es e prerrogativas legais;<\/p>\n\n\n\n<p><strong>CONSIDERANDO <\/strong>o disposto na Lei Municipal n\u00ba 1.123, de 23 de dezembro de 2008, que cria o Conselho Municipal de Cultura de Uni\u00e3o dos Palmares, e suas altera\u00e7\u00f5es pela Lei Municipal n\u00ba 1.365\/2018 e Lei Municipal n\u00ba 1.575\/2024;\u00a0<\/p>\n\n\n\n<p><\/p>\n\n\n\n<p><strong>RESOLVE:<\/strong><\/p>\n\n\n\n<p><\/p>\n\n\n\n<p><strong>Art. 1\u00ba <\/strong>Nomear o Conselho Municipal de Pol\u00edtica Cultural de Uni\u00e3o dos Palmares, Alagoas, para exercer o mandato bienal de 11 de julho de 2024 a 11 de julho de 2026, passando, a partir desta data, a ser constitu\u00eddo com os seguintes membros:<\/p>\n\n\n\n<ol class=\"wp-block-list\"><li><strong>Representantes do Poder P\u00fablico<\/strong><\/li><\/ol>\n\n\n\n<ul class=\"wp-block-list\"><li>Secretaria Municipal de Cultura<\/li><\/ul>\n\n\n\n<p>Titular: Maria Elizabete de Oliveira Silva<\/p>\n\n\n\n<p>Suplente: Marcos Antonio Leite Pimentel<\/p>\n\n\n\n<ul class=\"wp-block-list\"><li>Secretaria Municipal de Educa\u00e7\u00e3o<\/li><\/ul>\n\n\n\n<p>Titular: Jidaldo de Ara\u00fajo<\/p>\n\n\n\n<p>Suplente: C\u00edcera Marceli de Barros Silva<\/p>\n\n\n\n<ul class=\"wp-block-list\"><li>Secretaria Municipal de Assist\u00eancia Social<\/li><\/ul>\n\n\n\n<p>Titular: Whollancy Rodrigues da Silva<\/p>\n\n\n\n<p>Suplente: Samires Candido Ulisses<\/p>\n\n\n\n<ul class=\"wp-block-list\"><li>Secretaria Municipal de Inf\u00e2ncia e Juventude<\/li><\/ul>\n\n\n\n<p>Titular: Matheus Lopes da Silva<\/p>\n\n\n\n<p>Suplente: Nathan Lins Vieira<\/p>\n\n\n\n<ul class=\"wp-block-list\"><li>Secretaria Municipal de Esportes<\/li><\/ul>\n\n\n\n<p>Titular: Edimilson da Silva<\/p>\n\n\n\n<p>Suplente: Jonas Henrique Gomes da Silva<\/p>\n\n\n\n<ul class=\"wp-block-list\"><li>Secretaria Municipal de Turismo<\/li><\/ul>\n\n\n\n<p>Titular: Izabel Helena Padilha Maia Gomes<\/p>\n\n\n\n<p>Suplente: Jo\u00e3o Paulo Farias de Oliveira<\/p>\n\n\n\n<ol class=\"wp-block-list\" start=\"2\"><li><strong>Representantes da Sociedade Civil<\/strong><\/li><\/ol>\n\n\n\n<ul class=\"wp-block-list\"><li>Artesanato<\/li><\/ul>\n\n\n\n<p>Titular: Socorro Josefa da Concei\u00e7\u00e3o<\/p>\n\n\n\n<p>Suplente: Silvia Maria Batista da Silva<\/p>\n\n\n\n<ul class=\"wp-block-list\"><li>Capoeira<\/li><\/ul>\n\n\n\n<p>Titular: Cesar Jos\u00e9 Oliveira Silva<\/p>\n\n\n\n<p>Suplente: Severino Feitosa<\/p>\n\n\n\n<ul class=\"wp-block-list\"><li>Comunidade Quilombola<\/li><\/ul>\n\n\n\n<p>Titular: Maria das Dores de Oliveira Cavalcante<\/p>\n\n\n\n<p>Suplente: Fabiana Silva Costa<\/p>\n\n\n\n<ul class=\"wp-block-list\"><li>M\u00fasica<\/li><\/ul>\n\n\n\n<p>Titular: Kegio Quirino da Silva<\/p>\n\n\n\n<p>Suplente: Diego Rafael de Souza Sarmento<\/p>\n\n\n\n<ul class=\"wp-block-list\"><li>Artes Visuais<\/li><\/ul>\n\n\n\n<p>Titular: Ana Lorena Nascimento Paiva<\/p>\n\n\n\n<p>Suplente: Magno Messias de Melo Pires<\/p>\n\n\n\n<ul class=\"wp-block-list\"><li>Artes C\u00eanicas<\/li><\/ul>\n\n\n\n<p>Titular: Cleidson Alan Cardoso da Silva<\/p>\n\n\n\n<p>Suplente: Eves Silvestre da Silva<\/p>\n\n\n\n<p><strong>Art. 2\u00ba <\/strong>Esta portaria entra em vigor na data de sua publica\u00e7\u00e3o, revogadas as disposi\u00e7\u00f5es em contr\u00e1rio.<\/p>\n\n\n\n<p><\/p>\n\n\n\n<p>Uni\u00e3o dos Palmares, Alagoas, em 10 de julho de 2024.<\/p>\n\n\n\n<p><\/p>\n\n\n\n<p><strong>ARESKI DAMARA DE OMENA FREITAS JUNIOR<\/strong><\/p>\n\n\n\n<p>Prefeito<\/p>\n","protected":false},"excerpt":{"rendered":"<p>Nomeia o Conselho Municipal de Pol\u00edtica Cultural de Uni\u00e3o dos Palmares, Alagoas. O PREFEITO DE UNI\u00c3O DOS PALMARES, no uso de suas atribui\u00e7\u00f5es e prerrogativas legais; CONSIDERANDO o disposto na Lei Municipal n\u00ba 1.123, de 23 de dezembro de 2008, que cria o Conselho Municipal de Cultura de Uni\u00e3o dos Palmares, e suas altera\u00e7\u00f5es pela [&hellip;]<\/p>\n","protected":false},"author":2,"featured_media":0,"comment_status":"open","ping_status":"open","sticky":false,"template":"","format":"standard","meta":{"footnotes":""},"categories":[6],"tags":[],"class_list":["post-2556","post","type-post","status-publish","format-standard","hentry","category-portarias"],"_links":{"self":[{"href":"https:\/\/www.diariomunicipal-al.com.br\/uniao\/wp-json\/wp\/v2\/posts\/2556","targetHints":{"allow":["GET"]}}],"collection":[{"href":"https:\/\/www.diariomunicipal-al.com.br\/uniao\/wp-json\/wp\/v2\/posts"}],"about":[{"href":"https:\/\/www.diariomunicipal-al.com.br\/uniao\/wp-json\/wp\/v2\/types\/post"}],"author":[{"embeddable":true,"href":"https:\/\/www.diariomunicipal-al.com.br\/uniao\/wp-json\/wp\/v2\/users\/2"}],"replies":[{"embeddable":true,"href":"https:\/\/www.diariomunicipal-al.com.br\/uniao\/wp-json\/wp\/v2\/comments?post=2556"}],"version-history":[{"count":1,"href":"https:\/\/www.diariomunicipal-al.com.br\/uniao\/wp-json\/wp\/v2\/posts\/2556\/revisions"}],"predecessor-version":[{"id":2557,"href":"https:\/\/www.diariomunicipal-al.com.br\/uniao\/wp-json\/wp\/v2\/posts\/2556\/revisions\/2557"}],"wp:attachment":[{"href":"https:\/\/www.diariomunicipal-al.com.br\/uniao\/wp-json\/wp\/v2\/media?parent=2556"}],"wp:term":[{"taxonomy":"category","embeddable":true,"href":"https:\/\/www.diariomunicipal-al.com.br\/uniao\/wp-json\/wp\/v2\/categories?post=2556"},{"taxonomy":"post_tag","embeddable":true,"href":"https:\/\/www.diariomunicipal-al.com.br\/uniao\/wp-json\/wp\/v2\/tags?post=2556"}],"curies":[{"name":"wp","href":"https:\/\/api.w.org\/{rel}","templated":true}]}}