{"id":2646,"date":"2024-09-17T10:18:00","date_gmt":"2024-09-17T13:18:00","guid":{"rendered":"https:\/\/www.diariomunicipal-al.com.br\/uniao\/?p=2646"},"modified":"2024-09-20T19:07:59","modified_gmt":"2024-09-20T22:07:59","slug":"aviso-de-credenciamento-6","status":"publish","type":"post","link":"https:\/\/www.diariomunicipal-al.com.br\/uniao\/aviso-de-credenciamento-6\/","title":{"rendered":"AVISO DE CREDENCIAMENTO"},"content":{"rendered":"\n<p class=\"has-text-align-center\"><strong>CHAMAMENTO PUBLICO N\u00ba 05\/2024<\/strong><\/p>\n\n\n\n<p class=\"has-text-align-center\"><strong>N\u00ba DO EDITAL:<\/strong> Edital n\u00ba 05\/2024.<\/p>\n\n\n\n<p class=\"has-text-align-center\"><strong>MODALIDAD<\/strong>E: Credenciamento.<\/p>\n\n\n\n<p><strong>OBJETO:<\/strong> Credenciamento para Selecionar projetos de Apoio a Produ\u00e7\u00f5es Audiovisuais, ou Acervos Audiovisuais do Munic\u00edpio de Uni\u00e3o dos Palmares\/AL.<\/p>\n\n\n\n<p><strong>SETOR RESPONS\u00c1VEL:<\/strong> Secretaria Municipal de Cultura.<\/p>\n\n\n\n<p><strong>ENTIDADE:<\/strong> Munic\u00edpio de Uni\u00e3o dos Palmares\/AL.<\/p>\n\n\n\n<p><strong>PRAZO DE INSCRI\u00c7\u00d5ES:<\/strong> 18\/09\/2024 a 02\/10\/2024.<\/p>\n\n\n\n<p><strong>LOCAL: <\/strong>Sede da Secretaria de Cultura de Uni\u00e3o dos Palmares\/AL, situada na Rua Correia de Oliveira, n\u00ba 65, Centro, Uni\u00e3o dos Palmares\/AL, das 09h \u00e0s 12h, ou pelo e-mail cultura@uniaodospalmares.al.gov.br.<\/p>\n\n\n\n<p class=\"has-text-align-center\">Maria Elizabete de Oliveira Silva<\/p>\n\n\n\n<p class=\"has-text-align-center\">Secret\u00e1ria Municipal de Cultura<\/p>\n\n\n\n<div class=\"wp-block-buttons is-content-justification-center is-layout-flex wp-block-buttons-is-layout-flex\">\n<div class=\"wp-block-button has-custom-width wp-block-button__width-100 has-custom-font-size is-style-fill has-medium-font-size\"><a class=\"wp-block-button__link has-white-color has-text-color\" href=\"https:\/\/www.diariomunicipal-al.com.br\/uniao\/wp-content\/uploads\/2024\/09\/EDITAL-05-2024-CREDENCIAMENTO-FOMENTO-AO-AUDIOVISUAL.pdf\" target=\"_blank\" rel=\"noreferrer noopener\"> Clique aqui para Baixar o Edital N\u00ba 05\/2024 <\/a><\/div>\n<\/div>\n","protected":false},"excerpt":{"rendered":"<p>CHAMAMENTO PUBLICO N\u00ba 05\/2024 N\u00ba DO EDITAL: Edital n\u00ba 05\/2024. MODALIDADE: Credenciamento. OBJETO: Credenciamento para Selecionar projetos de Apoio a Produ\u00e7\u00f5es Audiovisuais, ou Acervos Audiovisuais do Munic\u00edpio de Uni\u00e3o dos Palmares\/AL. SETOR RESPONS\u00c1VEL: Secretaria Municipal de Cultura. ENTIDADE: Munic\u00edpio de Uni\u00e3o dos Palmares\/AL. PRAZO DE INSCRI\u00c7\u00d5ES: 18\/09\/2024 a 02\/10\/2024. LOCAL: Sede da Secretaria de Cultura [&hellip;]<\/p>\n","protected":false},"author":7,"featured_media":0,"comment_status":"open","ping_status":"open","sticky":false,"template":"","format":"standard","meta":{"footnotes":""},"categories":[3],"tags":[],"class_list":["post-2646","post","type-post","status-publish","format-standard","hentry","category-edital"],"_links":{"self":[{"href":"https:\/\/www.diariomunicipal-al.com.br\/uniao\/wp-json\/wp\/v2\/posts\/2646","targetHints":{"allow":["GET"]}}],"collection":[{"href":"https:\/\/www.diariomunicipal-al.com.br\/uniao\/wp-json\/wp\/v2\/posts"}],"about":[{"href":"https:\/\/www.diariomunicipal-al.com.br\/uniao\/wp-json\/wp\/v2\/types\/post"}],"author":[{"embeddable":true,"href":"https:\/\/www.diariomunicipal-al.com.br\/uniao\/wp-json\/wp\/v2\/users\/7"}],"replies":[{"embeddable":true,"href":"https:\/\/www.diariomunicipal-al.com.br\/uniao\/wp-json\/wp\/v2\/comments?post=2646"}],"version-history":[{"count":4,"href":"https:\/\/www.diariomunicipal-al.com.br\/uniao\/wp-json\/wp\/v2\/posts\/2646\/revisions"}],"predecessor-version":[{"id":2665,"href":"https:\/\/www.diariomunicipal-al.com.br\/uniao\/wp-json\/wp\/v2\/posts\/2646\/revisions\/2665"}],"wp:attachment":[{"href":"https:\/\/www.diariomunicipal-al.com.br\/uniao\/wp-json\/wp\/v2\/media?parent=2646"}],"wp:term":[{"taxonomy":"category","embeddable":true,"href":"https:\/\/www.diariomunicipal-al.com.br\/uniao\/wp-json\/wp\/v2\/categories?post=2646"},{"taxonomy":"post_tag","embeddable":true,"href":"https:\/\/www.diariomunicipal-al.com.br\/uniao\/wp-json\/wp\/v2\/tags?post=2646"}],"curies":[{"name":"wp","href":"https:\/\/api.w.org\/{rel}","templated":true}]}}