{"id":2678,"date":"2024-09-17T12:03:00","date_gmt":"2024-09-17T15:03:00","guid":{"rendered":"https:\/\/www.diariomunicipal-al.com.br\/uniao\/?p=2678"},"modified":"2024-10-01T12:04:26","modified_gmt":"2024-10-01T15:04:26","slug":"portaria-no-86-2024-17-de-setembro-de-2024","status":"publish","type":"post","link":"https:\/\/www.diariomunicipal-al.com.br\/uniao\/portaria-no-86-2024-17-de-setembro-de-2024\/","title":{"rendered":"PORTARIA N\u00ba 86\/2024, 17 DE SETEMBRO DE 2024."},"content":{"rendered":"\n<p>Nomeia o Conselho Municipal de Seguran\u00e7a Comunit\u00e1ria &#8211; CMSM de Uni\u00e3o dos Palmares.<\/p>\n\n\n\n<p><\/p>\n\n\n\n<p><strong>O PREFEITO DE UNI\u00c3O DOS PALMARES<\/strong>, no uso de suas atribui\u00e7\u00f5es e prerrogativas legais;<\/p>\n\n\n\n<p><strong>CONSIDERANDO <\/strong>o disposto na Lei Municipal n\u00ba 1.223, de 26 de setembro de 2011, que cria o Conselho Municipal de Seguran\u00e7a Comunit\u00e1ria de Uni\u00e3o dos Palmares, e suas altera\u00e7\u00f5es posteriores;\u00a0<\/p>\n\n\n\n<p><\/p>\n\n\n\n<p><strong>RESOLVE:<\/strong><\/p>\n\n\n\n<p><\/p>\n\n\n\n<p><strong>Art. 1\u00ba <\/strong>Nomear o Conselho Municipal de Seguran\u00e7a Comunit\u00e1ria &#8211; CMSM de Uni\u00e3o dos Palmares, Alagoas, para exercer o mandato bienal de 17 de setembro de 2024 a 17 de setembro de 2026, passando, a partir desta data, a ser constitu\u00eddo com os seguintes membros:<\/p>\n\n\n\n<ol class=\"wp-block-list\"><li><strong>Representantes do Poder P\u00fablico<\/strong><\/li><\/ol>\n\n\n\n<ul class=\"wp-block-list\"><li>Gabinete do Prefeito<\/li><\/ul>\n\n\n\n<p>Titular: Neide Mitomari<\/p>\n\n\n\n<p>Suplente: Tadeu Paulino da Silva<\/p>\n\n\n\n<ul class=\"wp-block-list\"><li>Procuradoria Geral do Munic\u00edpio<\/li><\/ul>\n\n\n\n<p>Titular: Alex Deywy Ferreira de Oliveira<\/p>\n\n\n\n<p>Suplente: L\u00edgia Ricardo Gomes<\/p>\n\n\n\n<ul class=\"wp-block-list\"><li>Conselho Municipal dos Direitos da Crian\u00e7a e do Adolescente &#8211; CMDCA<\/li><\/ul>\n\n\n\n<p>Titular: Ant\u00f4nio Gilton de Omena J\u00fanior<\/p>\n\n\n\n<p>Suplente: Maria F\u00e9lix<\/p>\n\n\n\n<ol class=\"wp-block-list\" start=\"2\"><li><strong>Representantes da Sociedade Civil<\/strong><\/li><\/ol>\n\n\n\n<ul class=\"wp-block-list\"><li>Sindicatos de Classe &#8211; SINTPMUP<\/li><\/ul>\n\n\n\n<p>Titular: Maur\u00edcio Leonardo da Silva<\/p>\n\n\n\n<p>Suplente: Olivano Dias Albuquerque<\/p>\n\n\n\n<ul class=\"wp-block-list\"><li>C\u00e2mara dos Dirigentes Lojistas &#8211; CDL<\/li><\/ul>\n\n\n\n<p>Titular: Jo\u00e3o Rubens Bento Holanda Vieira<\/p>\n\n\n\n<p>Suplente: Jos\u00e9 Mendes de Amorim<\/p>\n\n\n\n<ul class=\"wp-block-list\"><li>Associa\u00e7\u00f5es de Hot\u00e9is e Pousadas<\/li><\/ul>\n\n\n\n<p>Titular: Heleno Lindraz de Moura<\/p>\n\n\n\n<ul class=\"wp-block-list\"><li>Associa\u00e7\u00f5es de Moradores<\/li><\/ul>\n\n\n\n<p>Titular: Luiz Carlos da Silva Lima<\/p>\n\n\n\n<p>Suplente: Cicero Correia dos Santos<\/p>\n\n\n\n<ul class=\"wp-block-list\"><li>Funda\u00e7\u00e3o Rosa M\u00edstica<\/li><\/ul>\n\n\n\n<p>Titular: Jos\u00e9 Leandro de Lima<\/p>\n\n\n\n<p>Suplente: Jo\u00e3o Paulo Ten\u00f3rio de Lima<\/p>\n\n\n\n<ul class=\"wp-block-list\"><li>Entidades Religiosas<\/li><\/ul>\n\n\n\n<p>Titular: J\u00fanior Galv\u00e3o<\/p>\n\n\n\n<p>Suplente: Wanderson Nogueira Alves<\/p>\n\n\n\n<ul class=\"wp-block-list\"><li>Associa\u00e7\u00e3o dos Mototaxistas de Uni\u00e3o dos Palmares<\/li><\/ul>\n\n\n\n<p>Titular: Jos\u00e9 Ailton Gomes da Silva<\/p>\n\n\n\n<p>Suplente: Jos\u00e9 Francisco da Silva Filho<\/p>\n\n\n\n<p><strong>Art. 2\u00ba <\/strong>Esta portaria entra em vigor na data de sua publica\u00e7\u00e3o, revogadas as disposi\u00e7\u00f5es em contr\u00e1rio.<\/p>\n\n\n\n<p><\/p>\n\n\n\n<p>Uni\u00e3o dos Palmares, Alagoas, em 17 de setembro de 2024.<\/p>\n\n\n\n<p><\/p>\n\n\n\n<p><strong>ARESKI DAMARA DE OMENA FREITAS JUNIOR<\/strong><\/p>\n\n\n\n<p>Prefeito<\/p>\n","protected":false},"excerpt":{"rendered":"<p>Nomeia o Conselho Municipal de Seguran\u00e7a Comunit\u00e1ria &#8211; CMSM de Uni\u00e3o dos Palmares. O PREFEITO DE UNI\u00c3O DOS PALMARES, no uso de suas atribui\u00e7\u00f5es e prerrogativas legais; CONSIDERANDO o disposto na Lei Municipal n\u00ba 1.223, de 26 de setembro de 2011, que cria o Conselho Municipal de Seguran\u00e7a Comunit\u00e1ria de Uni\u00e3o dos Palmares, e suas [&hellip;]<\/p>\n","protected":false},"author":2,"featured_media":0,"comment_status":"open","ping_status":"open","sticky":false,"template":"","format":"standard","meta":{"footnotes":""},"categories":[6],"tags":[],"class_list":["post-2678","post","type-post","status-publish","format-standard","hentry","category-portarias"],"_links":{"self":[{"href":"https:\/\/www.diariomunicipal-al.com.br\/uniao\/wp-json\/wp\/v2\/posts\/2678","targetHints":{"allow":["GET"]}}],"collection":[{"href":"https:\/\/www.diariomunicipal-al.com.br\/uniao\/wp-json\/wp\/v2\/posts"}],"about":[{"href":"https:\/\/www.diariomunicipal-al.com.br\/uniao\/wp-json\/wp\/v2\/types\/post"}],"author":[{"embeddable":true,"href":"https:\/\/www.diariomunicipal-al.com.br\/uniao\/wp-json\/wp\/v2\/users\/2"}],"replies":[{"embeddable":true,"href":"https:\/\/www.diariomunicipal-al.com.br\/uniao\/wp-json\/wp\/v2\/comments?post=2678"}],"version-history":[{"count":1,"href":"https:\/\/www.diariomunicipal-al.com.br\/uniao\/wp-json\/wp\/v2\/posts\/2678\/revisions"}],"predecessor-version":[{"id":2679,"href":"https:\/\/www.diariomunicipal-al.com.br\/uniao\/wp-json\/wp\/v2\/posts\/2678\/revisions\/2679"}],"wp:attachment":[{"href":"https:\/\/www.diariomunicipal-al.com.br\/uniao\/wp-json\/wp\/v2\/media?parent=2678"}],"wp:term":[{"taxonomy":"category","embeddable":true,"href":"https:\/\/www.diariomunicipal-al.com.br\/uniao\/wp-json\/wp\/v2\/categories?post=2678"},{"taxonomy":"post_tag","embeddable":true,"href":"https:\/\/www.diariomunicipal-al.com.br\/uniao\/wp-json\/wp\/v2\/tags?post=2678"}],"curies":[{"name":"wp","href":"https:\/\/api.w.org\/{rel}","templated":true}]}}