{"id":2774,"date":"2024-01-19T12:39:00","date_gmt":"2024-01-19T15:39:00","guid":{"rendered":"https:\/\/www.diariomunicipal-al.com.br\/uniao\/?p=2774"},"modified":"2024-10-24T12:40:12","modified_gmt":"2024-10-24T15:40:12","slug":"aviso-de-revogacao-pregao-eletronico-n-31-2023","status":"publish","type":"post","link":"https:\/\/www.diariomunicipal-al.com.br\/uniao\/aviso-de-revogacao-pregao-eletronico-n-31-2023\/","title":{"rendered":"AVISO DE REVOGA\u00c7\u00c3O \u2013 PREG\u00c3O ELETR\u00d4NICO N\u00b0 31\/2023"},"content":{"rendered":"\n<p>O Prefeito de Uni\u00e3o dos Palmares, no uso de suas atribui\u00e7\u00f5es estatut\u00e1rias e com fundamento no artigo 49 da Lei 8.666\/93, torna p\u00fablico a revoga\u00e7\u00e3o do Preg\u00e3o Eletr\u00f4nico n\u00b0 31\/2023, cujo objeto \u00e9 o registro de pre\u00e7os para a futura e eventual presta\u00e7\u00e3o de servi\u00e7o de acesso \u00e0 internet banda larga, via fibra \u00f3ptica, por conveni\u00eancia administrativa, tendo em vista as altera\u00e7\u00f5es no Termo de Refer\u00eancia.<\/p>\n\n\n\n<p>Uni\u00e3o dos Palmares\/AL, 18 de janeiro de 2024.<\/p>\n\n\n\n<p>Areski D\u00e2mara de Omena Freitas Junior<\/p>\n\n\n\n<p>Prefeito<\/p>\n","protected":false},"excerpt":{"rendered":"<p>O Prefeito de Uni\u00e3o dos Palmares, no uso de suas atribui\u00e7\u00f5es estatut\u00e1rias e com fundamento no artigo 49 da Lei 8.666\/93, torna p\u00fablico a revoga\u00e7\u00e3o do Preg\u00e3o Eletr\u00f4nico n\u00b0 31\/2023, cujo objeto \u00e9 o registro de pre\u00e7os para a futura e eventual presta\u00e7\u00e3o de servi\u00e7o de acesso \u00e0 internet banda larga, via fibra \u00f3ptica, por [&hellip;]<\/p>\n","protected":false},"author":5,"featured_media":0,"comment_status":"open","ping_status":"open","sticky":false,"template":"","format":"standard","meta":{"footnotes":""},"categories":[1],"tags":[],"class_list":["post-2774","post","type-post","status-publish","format-standard","hentry","category-licitacoes"],"_links":{"self":[{"href":"https:\/\/www.diariomunicipal-al.com.br\/uniao\/wp-json\/wp\/v2\/posts\/2774","targetHints":{"allow":["GET"]}}],"collection":[{"href":"https:\/\/www.diariomunicipal-al.com.br\/uniao\/wp-json\/wp\/v2\/posts"}],"about":[{"href":"https:\/\/www.diariomunicipal-al.com.br\/uniao\/wp-json\/wp\/v2\/types\/post"}],"author":[{"embeddable":true,"href":"https:\/\/www.diariomunicipal-al.com.br\/uniao\/wp-json\/wp\/v2\/users\/5"}],"replies":[{"embeddable":true,"href":"https:\/\/www.diariomunicipal-al.com.br\/uniao\/wp-json\/wp\/v2\/comments?post=2774"}],"version-history":[{"count":1,"href":"https:\/\/www.diariomunicipal-al.com.br\/uniao\/wp-json\/wp\/v2\/posts\/2774\/revisions"}],"predecessor-version":[{"id":2775,"href":"https:\/\/www.diariomunicipal-al.com.br\/uniao\/wp-json\/wp\/v2\/posts\/2774\/revisions\/2775"}],"wp:attachment":[{"href":"https:\/\/www.diariomunicipal-al.com.br\/uniao\/wp-json\/wp\/v2\/media?parent=2774"}],"wp:term":[{"taxonomy":"category","embeddable":true,"href":"https:\/\/www.diariomunicipal-al.com.br\/uniao\/wp-json\/wp\/v2\/categories?post=2774"},{"taxonomy":"post_tag","embeddable":true,"href":"https:\/\/www.diariomunicipal-al.com.br\/uniao\/wp-json\/wp\/v2\/tags?post=2774"}],"curies":[{"name":"wp","href":"https:\/\/api.w.org\/{rel}","templated":true}]}}