{"id":2898,"date":"2024-09-27T09:46:00","date_gmt":"2024-09-27T12:46:00","guid":{"rendered":"https:\/\/www.diariomunicipal-al.com.br\/uniao\/?p=2898"},"modified":"2024-11-19T17:47:13","modified_gmt":"2024-11-19T20:47:13","slug":"revogacao-de-licitacao-2","status":"publish","type":"post","link":"https:\/\/www.diariomunicipal-al.com.br\/uniao\/revogacao-de-licitacao-2\/","title":{"rendered":"REVOGA\u00c7\u00c3O DE LICITA\u00c7\u00c3O"},"content":{"rendered":"\n<p>O Prefeito de Uni\u00e3o dos Palmares torna p\u00fablico a revoga\u00e7\u00e3o da licita\u00e7\u00e3o na modalidade Preg\u00e3o Eletr\u00f4nico n\u00ba 90014\/2024, para registro de pre\u00e7os para eventual aquisi\u00e7\u00e3o de materiais e insumos para execu\u00e7\u00e3o de cobertas, com base no art. 71, II, da Lei n\u00ba 14.133\/2021, tendo em vista que houve desacordo de lan\u00e7amento dos itens no sistema compras.gov.br, em rela\u00e7\u00e3o aos itens de cota reservada para ME\/EPP e ampla concorr\u00eancia e consequente descumprimento de prazo do art. 55, I, \u00a71\u00ba da Lei n\u00ba 14.133\/2021.<\/p>\n\n\n\n<p>Uni\u00e3o dos Palmares, 26 de setembro de 2024.<\/p>\n\n\n\n<p>Areski Damara de Omena Freitas Junior<\/p>\n\n\n\n<p>Prefeito<\/p>\n","protected":false},"excerpt":{"rendered":"<p>O Prefeito de Uni\u00e3o dos Palmares torna p\u00fablico a revoga\u00e7\u00e3o da licita\u00e7\u00e3o na modalidade Preg\u00e3o Eletr\u00f4nico n\u00ba 90014\/2024, para registro de pre\u00e7os para eventual aquisi\u00e7\u00e3o de materiais e insumos para execu\u00e7\u00e3o de cobertas, com base no art. 71, II, da Lei n\u00ba 14.133\/2021, tendo em vista que houve desacordo de lan\u00e7amento dos itens no sistema [&hellip;]<\/p>\n","protected":false},"author":5,"featured_media":0,"comment_status":"open","ping_status":"open","sticky":false,"template":"","format":"standard","meta":{"footnotes":""},"categories":[1],"tags":[],"class_list":["post-2898","post","type-post","status-publish","format-standard","hentry","category-licitacoes"],"_links":{"self":[{"href":"https:\/\/www.diariomunicipal-al.com.br\/uniao\/wp-json\/wp\/v2\/posts\/2898","targetHints":{"allow":["GET"]}}],"collection":[{"href":"https:\/\/www.diariomunicipal-al.com.br\/uniao\/wp-json\/wp\/v2\/posts"}],"about":[{"href":"https:\/\/www.diariomunicipal-al.com.br\/uniao\/wp-json\/wp\/v2\/types\/post"}],"author":[{"embeddable":true,"href":"https:\/\/www.diariomunicipal-al.com.br\/uniao\/wp-json\/wp\/v2\/users\/5"}],"replies":[{"embeddable":true,"href":"https:\/\/www.diariomunicipal-al.com.br\/uniao\/wp-json\/wp\/v2\/comments?post=2898"}],"version-history":[{"count":1,"href":"https:\/\/www.diariomunicipal-al.com.br\/uniao\/wp-json\/wp\/v2\/posts\/2898\/revisions"}],"predecessor-version":[{"id":2899,"href":"https:\/\/www.diariomunicipal-al.com.br\/uniao\/wp-json\/wp\/v2\/posts\/2898\/revisions\/2899"}],"wp:attachment":[{"href":"https:\/\/www.diariomunicipal-al.com.br\/uniao\/wp-json\/wp\/v2\/media?parent=2898"}],"wp:term":[{"taxonomy":"category","embeddable":true,"href":"https:\/\/www.diariomunicipal-al.com.br\/uniao\/wp-json\/wp\/v2\/categories?post=2898"},{"taxonomy":"post_tag","embeddable":true,"href":"https:\/\/www.diariomunicipal-al.com.br\/uniao\/wp-json\/wp\/v2\/tags?post=2898"}],"curies":[{"name":"wp","href":"https:\/\/api.w.org\/{rel}","templated":true}]}}