{"id":3187,"date":"2024-12-18T18:46:00","date_gmt":"2024-12-18T21:46:00","guid":{"rendered":"https:\/\/www.diariomunicipal-al.com.br\/uniao\/?p=3187"},"modified":"2024-12-30T22:48:06","modified_gmt":"2024-12-31T01:48:06","slug":"alteracoes-no-paar","status":"publish","type":"post","link":"https:\/\/www.diariomunicipal-al.com.br\/uniao\/alteracoes-no-paar\/","title":{"rendered":"Altera\u00e7\u00f5es no PAAR"},"content":{"rendered":"\n<p><strong>SECRETARIA MUNICIPAL DE CULTURA<\/strong><\/p>\n\n\n\n<p>No dia 23 de julho de 2024, foi publicado no Di\u00e1rio Oficial do Munic\u00edpio de Uni\u00e3o dos Palmares, o Plano Anual de Aplica\u00e7\u00e3o dos Recursos (PAAR) referente \u00e0 verba da Pol\u00edtica Nacional Aldir Blanc de Fomento \u00e0 Cultura (PNAB) para publicizar as a\u00e7\u00f5es a serem executadas.<\/p>\n\n\n\n<p>Conforme originalmente indicado no PAAR, seria destinado R$ 100.000.00 para o Edital de Fomento de Projeto Cultural de Festividades de Cultura Popular. Durante a execu\u00e7\u00e3o da verba, ficou definido que esse n\u00e3o seria um edital espec\u00edfico, sendo transformado em uma categoria no Edital de Fomento n\u00ba 8\/2024. Al\u00e9m disso, a categoria em quest\u00e3o teve seu valor diminu\u00eddo porque o montante total inicialmente previsto inviabilizaria a execu\u00e7\u00e3o de outros projetos. Sendo assim, a verba repassada para essa categoria foi de R$ 82.300.00. De modo que os demais R$ 17.700,00 foram remanejados para outras categorias desse edital, fazendo com que o n\u00famero de vagas tamb\u00e9m fosse alterado, bem como para o Edital de Premia\u00e7\u00e3o para Cultura Popular.<\/p>\n\n\n\n<p>O PAAR previa a publica\u00e7\u00e3o do Edital de Fomento de Projetos Culturais de Feiras e Exposi\u00e7\u00f5es, no valor de R$ 33.500,00. Para melhor distribui\u00e7\u00e3o dos recursos, essa verba foi remanejada entre as categorias do Edital de Fomento n\u00ba 8\/2024, fazendo com que o n\u00famero de vagas tamb\u00e9m fosse alterado.<\/p>\n\n\n\n<p>No PAAR, foi indicado, de forma equivocada, que o Edital de Premia\u00e7\u00e3o para a Cultura Popular seria executado por meio de um chamamento p\u00fablico de fomento. Na verdade, se trata de um chamamento p\u00fablico de premia\u00e7\u00e3o. Originalmente o montante total previsto era de R$ 66.500,00. Esse valor foi acrescido, chegando ao total de R$ 71.000.00.<\/p>\n\n\n\n<p>Estava planejado no PAAR a realiza\u00e7\u00e3o de reformas em cinco equipamentos p\u00fablicos municipais. Ficou definido na execu\u00e7\u00e3o que o equipamento localizado no Muqu\u00e9m n\u00e3o ser\u00e1 mais contemplado e a verba correspondente ser\u00e1 remanejada entre os demais quatro equipamentos.<\/p>\n\n\n\n<p>No PAAR, foi indicado, de forma equivocada que seriam adquiridos 9 livros (literatura). Na verdade, ser\u00e3o 376 unidades adquiridas de 14 escritores palmarinos.<\/p>\n\n\n\n<p>No PAAR, foi indicado, de forma equivocada que seriam adquiridos 5 obras (artes pl\u00e1sticas). Ser\u00e3o adquiridos 249 pe\u00e7as artesanais de artes\u00e3os da Comunidade Muqu\u00e9m e Palmarina.<\/p>\n\n\n\n<p>O PAAR previa a contrata\u00e7\u00e3o de 3 pareceristas. Esse quantitativo foi ampliado para 7. Para a busca ativa, ao inv\u00e9s de serem contratados 3 profissionais, foram 5. Foi contratada uma \u00fanica empresa para os servi\u00e7os de pareceristas, busca ativa e consultoria.<\/p>\n\n\n\n<p>O PAAR previa contemplar 6 candidaturas no Edital de Premia\u00e7\u00e3o de Pontos de Cultura. Na execu\u00e7\u00e3o, foram definidas 4 vagas para ampliar o valor da premia\u00e7\u00e3o. &nbsp;<\/p>\n\n\n\n<p>Diante disso, a Prefeitura Municipal de Uni\u00e3o dos Palmares, observando o art. 5\u00ba da Instru\u00e7\u00e3o Normativa MinC 19\/2024, d\u00e1 publicidade \u00e0 altera\u00e7\u00e3o no seu PAAR da PNAB por meio dessa publica\u00e7\u00e3o.&nbsp;<\/p>\n\n\n\n<p>&nbsp;&nbsp;&nbsp;&nbsp;&nbsp;&nbsp;&nbsp;&nbsp;&nbsp;&nbsp;&nbsp;&nbsp;&nbsp;&nbsp;&nbsp;&nbsp;&nbsp;&nbsp;&nbsp;&nbsp;&nbsp;&nbsp;&nbsp;&nbsp;&nbsp;&nbsp;&nbsp;&nbsp;&nbsp;&nbsp;&nbsp;&nbsp;&nbsp;&nbsp; Uni\u00e3o dos Palmares\/AL, 18 de dezembro de 2024.<\/p>\n","protected":false},"excerpt":{"rendered":"<p>SECRETARIA MUNICIPAL DE CULTURA No dia 23 de julho de 2024, foi publicado no Di\u00e1rio Oficial do Munic\u00edpio de Uni\u00e3o dos Palmares, o Plano Anual de Aplica\u00e7\u00e3o dos Recursos (PAAR) referente \u00e0 verba da Pol\u00edtica Nacional Aldir Blanc de Fomento \u00e0 Cultura (PNAB) para publicizar as a\u00e7\u00f5es a serem executadas. Conforme originalmente indicado no PAAR, [&hellip;]<\/p>\n","protected":false},"author":7,"featured_media":0,"comment_status":"closed","ping_status":"open","sticky":false,"template":"","format":"standard","meta":{"footnotes":""},"categories":[5],"tags":[],"class_list":["post-3187","post","type-post","status-publish","format-standard","hentry","category-outros"],"_links":{"self":[{"href":"https:\/\/www.diariomunicipal-al.com.br\/uniao\/wp-json\/wp\/v2\/posts\/3187","targetHints":{"allow":["GET"]}}],"collection":[{"href":"https:\/\/www.diariomunicipal-al.com.br\/uniao\/wp-json\/wp\/v2\/posts"}],"about":[{"href":"https:\/\/www.diariomunicipal-al.com.br\/uniao\/wp-json\/wp\/v2\/types\/post"}],"author":[{"embeddable":true,"href":"https:\/\/www.diariomunicipal-al.com.br\/uniao\/wp-json\/wp\/v2\/users\/7"}],"replies":[{"embeddable":true,"href":"https:\/\/www.diariomunicipal-al.com.br\/uniao\/wp-json\/wp\/v2\/comments?post=3187"}],"version-history":[{"count":1,"href":"https:\/\/www.diariomunicipal-al.com.br\/uniao\/wp-json\/wp\/v2\/posts\/3187\/revisions"}],"predecessor-version":[{"id":3188,"href":"https:\/\/www.diariomunicipal-al.com.br\/uniao\/wp-json\/wp\/v2\/posts\/3187\/revisions\/3188"}],"wp:attachment":[{"href":"https:\/\/www.diariomunicipal-al.com.br\/uniao\/wp-json\/wp\/v2\/media?parent=3187"}],"wp:term":[{"taxonomy":"category","embeddable":true,"href":"https:\/\/www.diariomunicipal-al.com.br\/uniao\/wp-json\/wp\/v2\/categories?post=3187"},{"taxonomy":"post_tag","embeddable":true,"href":"https:\/\/www.diariomunicipal-al.com.br\/uniao\/wp-json\/wp\/v2\/tags?post=3187"}],"curies":[{"name":"wp","href":"https:\/\/api.w.org\/{rel}","templated":true}]}}