{"id":330,"date":"2020-07-17T14:36:17","date_gmt":"2020-07-17T17:36:17","guid":{"rendered":"https:\/\/www.diariomunicipal-al.com.br\/uniao\/?p=330"},"modified":"2020-07-17T14:36:17","modified_gmt":"2020-07-17T17:36:17","slug":"edital-no-001-2020-convocacao-de-assembleia-para-formacao-do-conselho-municipal-de-cultura-de-uniao-dos-palmares-al","status":"publish","type":"post","link":"https:\/\/www.diariomunicipal-al.com.br\/uniao\/edital-no-001-2020-convocacao-de-assembleia-para-formacao-do-conselho-municipal-de-cultura-de-uniao-dos-palmares-al\/","title":{"rendered":"EDITAL N\u00ba 001\/2020 \u2013 CONVOCA\u00c7\u00c3O DE ASSEMBLEIA PARA FORMA\u00c7\u00c3O DO CONSELHO MUNICIPAL DE CULTURA DE UNI\u00c3O DOS PALMARES &#8211; AL"},"content":{"rendered":"\n<p>A Secretaria Municipal de Cultura, situada \u00e0 Rua Correia de Oliveira, 65, Centro, 57800-000 Uni\u00e3o dos Palmares, Alagoas, CNPJ 27.849.050\/0001-02, em cumprimento a Lei Municipal N\u00ba 1123\/2008, convoca os Agentes e Produtores Culturais, bem como os representantes da sociedade civil que atuem no segmento e representantes do Poder P\u00fablico, para Assembleia Geral para escolha de seus representantes, que formar\u00e3o o Conselho Municipal de Cultura de Uni\u00e3o dos Palmares.<\/p>\n\n\n\n<div class=\"wp-block-file aligncenter\"><a href=\"https:\/\/www.diariomunicipal-al.com.br\/uniao\/wp-content\/uploads\/2020\/07\/NOVO-Edital-de-Convoca\u00e7\u00e3o-do-Conselho-Municipal-de-Cultura-de-Uni\u00e3o-dos-Palmares-OK.pdf\">Edital-de-Convoca\u00e7\u00e3o-do-Conselho-Municipal-de-Cultura-de-Uni\u00e3o-dos-Palmares<\/a><a href=\"https:\/\/www.diariomunicipal-al.com.br\/uniao\/wp-content\/uploads\/2020\/07\/NOVO-Edital-de-Convoca\u00e7\u00e3o-do-Conselho-Municipal-de-Cultura-de-Uni\u00e3o-dos-Palmares-OK.pdf\" class=\"wp-block-file__button\" download>Baixar<\/a><\/div>\n","protected":false},"excerpt":{"rendered":"<p>A Secretaria Municipal de Cultura, situada \u00e0 Rua Correia de Oliveira, 65, Centro, 57800-000 Uni\u00e3o dos Palmares, Alagoas, CNPJ 27.849.050\/0001-02, em cumprimento a Lei Municipal N\u00ba 1123\/2008, convoca os Agentes e Produtores Culturais, bem como os representantes da sociedade civil que atuem no segmento e representantes do Poder P\u00fablico, para Assembleia Geral para escolha de [&hellip;]<\/p>\n","protected":false},"author":2,"featured_media":0,"comment_status":"open","ping_status":"open","sticky":false,"template":"","format":"standard","meta":{"footnotes":""},"categories":[3],"tags":[],"class_list":["post-330","post","type-post","status-publish","format-standard","hentry","category-edital"],"_links":{"self":[{"href":"https:\/\/www.diariomunicipal-al.com.br\/uniao\/wp-json\/wp\/v2\/posts\/330","targetHints":{"allow":["GET"]}}],"collection":[{"href":"https:\/\/www.diariomunicipal-al.com.br\/uniao\/wp-json\/wp\/v2\/posts"}],"about":[{"href":"https:\/\/www.diariomunicipal-al.com.br\/uniao\/wp-json\/wp\/v2\/types\/post"}],"author":[{"embeddable":true,"href":"https:\/\/www.diariomunicipal-al.com.br\/uniao\/wp-json\/wp\/v2\/users\/2"}],"replies":[{"embeddable":true,"href":"https:\/\/www.diariomunicipal-al.com.br\/uniao\/wp-json\/wp\/v2\/comments?post=330"}],"version-history":[{"count":2,"href":"https:\/\/www.diariomunicipal-al.com.br\/uniao\/wp-json\/wp\/v2\/posts\/330\/revisions"}],"predecessor-version":[{"id":333,"href":"https:\/\/www.diariomunicipal-al.com.br\/uniao\/wp-json\/wp\/v2\/posts\/330\/revisions\/333"}],"wp:attachment":[{"href":"https:\/\/www.diariomunicipal-al.com.br\/uniao\/wp-json\/wp\/v2\/media?parent=330"}],"wp:term":[{"taxonomy":"category","embeddable":true,"href":"https:\/\/www.diariomunicipal-al.com.br\/uniao\/wp-json\/wp\/v2\/categories?post=330"},{"taxonomy":"post_tag","embeddable":true,"href":"https:\/\/www.diariomunicipal-al.com.br\/uniao\/wp-json\/wp\/v2\/tags?post=330"}],"curies":[{"name":"wp","href":"https:\/\/api.w.org\/{rel}","templated":true}]}}