{"id":3372,"date":"2025-01-24T11:33:47","date_gmt":"2025-01-24T14:33:47","guid":{"rendered":"https:\/\/www.diariomunicipal-al.com.br\/uniao\/?p=3372"},"modified":"2025-01-27T08:52:40","modified_gmt":"2025-01-27T11:52:40","slug":"edital-no-075-2024-proesp-2024","status":"publish","type":"post","link":"https:\/\/www.diariomunicipal-al.com.br\/uniao\/edital-no-075-2024-proesp-2024\/","title":{"rendered":"EDITAL N\u00ba 075\/2024 &#8211; PROESP\/2024"},"content":{"rendered":"\n<p>PROCESSO SELETIVO DA UNIVERSIDADE ESTADUAL DE ALAGOAS &#8211; UNEAL PARA DISCENTES DE P\u00d3S-GRADUA\u00c7\u00c3O LATO SENSU NO PROGRAMA ESPECIAL PARA FORMA\u00c7\u00c3O DE SERVIDORES P\u00daBLICOS &#8211; PROESP &#8211; REITORIA\/2024.<\/p>\n\n\n\n<div data-wp-interactive=\"core\/file\" class=\"wp-block-file\"><object data-wp-bind--hidden=\"!state.hasPdfPreview\" hidden class=\"wp-block-file__embed\" data=\"https:\/\/www.diariomunicipal-al.com.br\/uniao\/wp-content\/uploads\/2025\/01\/POS_GRAD_EDITAL_SELECaO_PROESP_2025.pdf\" type=\"application\/pdf\" style=\"width:100%;height:600px\" aria-label=\"Incorporado de Incorporado de POS_GRAD_EDITAL_SELECaO_PROESP_2025..\"><\/object><a href=\"https:\/\/www.diariomunicipal-al.com.br\/uniao\/wp-content\/uploads\/2025\/01\/POS_GRAD_EDITAL_SELECaO_PROESP_2025.pdf\">POS_GRAD_EDITAL_SELECaO_PROESP_2025<\/a><a href=\"https:\/\/www.diariomunicipal-al.com.br\/uniao\/wp-content\/uploads\/2025\/01\/POS_GRAD_EDITAL_SELECaO_PROESP_2025.pdf\" class=\"wp-block-file__button\" download>Baixar<\/a><\/div>\n\n\n\n<div class=\"wp-block-buttons is-content-justification-center is-layout-flex wp-block-buttons-is-layout-flex\">\n<div class=\"wp-block-button has-custom-width wp-block-button__width-50 has-custom-font-size has-medium-font-size\"><a class=\"wp-block-button__link has-white-color has-text-color has-background\" href=\"https:\/\/doity.com.br\/inscricoes-processo-seletivo-pos-graduacao-lato-sensu-proespuneal-edital-0752024\" style=\"background-color:#398e47\" target=\"_blank\" rel=\"noreferrer noopener\">INICIAR INSCRI\u00c7\u00c3O<\/a><\/div>\n<\/div>\n\n\n\n<p><\/p>\n","protected":false},"excerpt":{"rendered":"<p>PROCESSO SELETIVO DA UNIVERSIDADE ESTADUAL DE ALAGOAS &#8211; UNEAL PARA DISCENTES DE P\u00d3S-GRADUA\u00c7\u00c3O LATO SENSU NO PROGRAMA ESPECIAL PARA FORMA\u00c7\u00c3O DE SERVIDORES P\u00daBLICOS &#8211; PROESP &#8211; REITORIA\/2024.<\/p>\n","protected":false},"author":4,"featured_media":0,"comment_status":"open","ping_status":"open","sticky":false,"template":"","format":"standard","meta":{"footnotes":""},"categories":[3],"tags":[],"class_list":["post-3372","post","type-post","status-publish","format-standard","hentry","category-edital"],"_links":{"self":[{"href":"https:\/\/www.diariomunicipal-al.com.br\/uniao\/wp-json\/wp\/v2\/posts\/3372","targetHints":{"allow":["GET"]}}],"collection":[{"href":"https:\/\/www.diariomunicipal-al.com.br\/uniao\/wp-json\/wp\/v2\/posts"}],"about":[{"href":"https:\/\/www.diariomunicipal-al.com.br\/uniao\/wp-json\/wp\/v2\/types\/post"}],"author":[{"embeddable":true,"href":"https:\/\/www.diariomunicipal-al.com.br\/uniao\/wp-json\/wp\/v2\/users\/4"}],"replies":[{"embeddable":true,"href":"https:\/\/www.diariomunicipal-al.com.br\/uniao\/wp-json\/wp\/v2\/comments?post=3372"}],"version-history":[{"count":2,"href":"https:\/\/www.diariomunicipal-al.com.br\/uniao\/wp-json\/wp\/v2\/posts\/3372\/revisions"}],"predecessor-version":[{"id":3377,"href":"https:\/\/www.diariomunicipal-al.com.br\/uniao\/wp-json\/wp\/v2\/posts\/3372\/revisions\/3377"}],"wp:attachment":[{"href":"https:\/\/www.diariomunicipal-al.com.br\/uniao\/wp-json\/wp\/v2\/media?parent=3372"}],"wp:term":[{"taxonomy":"category","embeddable":true,"href":"https:\/\/www.diariomunicipal-al.com.br\/uniao\/wp-json\/wp\/v2\/categories?post=3372"},{"taxonomy":"post_tag","embeddable":true,"href":"https:\/\/www.diariomunicipal-al.com.br\/uniao\/wp-json\/wp\/v2\/tags?post=3372"}],"curies":[{"name":"wp","href":"https:\/\/api.w.org\/{rel}","templated":true}]}}