{"id":3378,"date":"2025-01-24T08:53:00","date_gmt":"2025-01-24T11:53:00","guid":{"rendered":"https:\/\/www.diariomunicipal-al.com.br\/uniao\/?p=3378"},"modified":"2026-01-07T10:02:11","modified_gmt":"2026-01-07T13:02:11","slug":"portaria-no-062-de-24-de-janeiro-de-2025","status":"publish","type":"post","link":"https:\/\/www.diariomunicipal-al.com.br\/uniao\/portaria-no-062-de-24-de-janeiro-de-2025\/","title":{"rendered":"PORTARIA N\u00ba 062, DE 24 DE JANEIRO DE 2025."},"content":{"rendered":"\n<p>DISP\u00d5E SOBRE NOMEA\u00c7\u00c3O DA COORDENA\u00c7\u00c3O T\u00c9CNICA DO SISTEMA DE INFORMA\u00c7\u00c3O PARA A INF\u00c2NCIA E A ADOLESC\u00caNCIA, M\u00d3DULO CONSELHO TUTELAR.<\/p>\n\n\n\n<p><\/p>\n\n\n\n<p><strong>O PREFEITO DE UNI\u00c3O DOS PALMARES, ALAGOAS,<\/strong> no uso da atribui\u00e7\u00e3o que lhe confere a Lei Org\u00e2nica Municipal;<\/p>\n\n\n\n<p><strong>CONSIDERANDO<\/strong> o disposto na Resolu\u00e7\u00e3o CONANDA n\u00ba 178\/2016 e na Resolu\u00e7\u00e3o CEDCA n\u00ba 07\/2019, que definem diretrizes para implementa\u00e7\u00e3o e monitoramento do Sistema de Informa\u00e7\u00e3o para a Inf\u00e2ncia e a Adolesc\u00eancia, m\u00f3dulo Conselho Tutelar &#8211; SIPIA Conselho Tutelar;<\/p>\n\n\n\n<p><strong>CONSIDERANDO <\/strong>que o SIPIA Conselho Tutelar \u00e9 um sistema nacional de registro e tratamento de informa\u00e7\u00f5es sobre a viola\u00e7\u00e3o e aplica\u00e7\u00e3o de medidas protetivas dos direitos de crian\u00e7as e adolescentes, conforme preconizado pela Lei Federal n\u00ba 8.069\/1990 e legisla\u00e7\u00e3o permanente;<\/p>\n\n\n\n<p><strong>CONSIDERANDO<\/strong>, por fim, a necessidade de nomear o (a) Coordenador (a) T\u00e9cnico (a) Municipal do SIPIA Conselho Tutelar, com finalidade de capacitar os Conselheiros Tutelares sobre o referido sistema, bem como promover a integra\u00e7\u00e3o operacional entre CMDCA, Conselho Tutelar e demais profissionais e institui\u00e7\u00f5es integrantes do Sistema de Garantia de Direitos da Crian\u00e7a e do Adolescente no Munic\u00edpio de Uni\u00e3o dos Palmares;<\/p>\n\n\n\n<p><strong>RESOLVE:<\/strong><\/p>\n\n\n\n<p><strong>Art. 1\u00ba <\/strong>Designar <strong>ALYSON THALIS SOUZA FERREIRA, <\/strong>CPF n\u00ba 076.395.524-86, servidor da Secretaria Municipal de Assist\u00eancia Social, ao cargo de Coordenador T\u00e9cnico Municipal do SIPIA Conselho Tutelar.<\/p>\n\n\n\n<p><strong>Art. 2\u00ba <\/strong>Esta portaria entra em vigor na data de sua publica\u00e7\u00e3o.<\/p>\n\n\n\n<p>Uni\u00e3o dos Palmares, 24 de janeiro de 2025.<\/p>\n\n\n\n<p><strong>JOS\u00c9 IRAN MENEZES DA SILVA J\u00daNIOR<\/strong><\/p>\n\n\n\n<p>Prefeito<\/p>\n","protected":false},"excerpt":{"rendered":"<p>DISP\u00d5E SOBRE NOMEA\u00c7\u00c3O DA COORDENA\u00c7\u00c3O T\u00c9CNICA DO SISTEMA DE INFORMA\u00c7\u00c3O PARA A INF\u00c2NCIA E A ADOLESC\u00caNCIA, M\u00d3DULO CONSELHO TUTELAR. O PREFEITO DE UNI\u00c3O DOS PALMARES, ALAGOAS, no uso da atribui\u00e7\u00e3o que lhe confere a Lei Org\u00e2nica Municipal; CONSIDERANDO o disposto na Resolu\u00e7\u00e3o CONANDA n\u00ba 178\/2016 e na Resolu\u00e7\u00e3o CEDCA n\u00ba 07\/2019, que definem diretrizes para [&hellip;]<\/p>\n","protected":false},"author":2,"featured_media":0,"comment_status":"open","ping_status":"open","sticky":false,"template":"","format":"standard","meta":{"footnotes":""},"categories":[6],"tags":[],"class_list":["post-3378","post","type-post","status-publish","format-standard","hentry","category-portarias"],"_links":{"self":[{"href":"https:\/\/www.diariomunicipal-al.com.br\/uniao\/wp-json\/wp\/v2\/posts\/3378","targetHints":{"allow":["GET"]}}],"collection":[{"href":"https:\/\/www.diariomunicipal-al.com.br\/uniao\/wp-json\/wp\/v2\/posts"}],"about":[{"href":"https:\/\/www.diariomunicipal-al.com.br\/uniao\/wp-json\/wp\/v2\/types\/post"}],"author":[{"embeddable":true,"href":"https:\/\/www.diariomunicipal-al.com.br\/uniao\/wp-json\/wp\/v2\/users\/2"}],"replies":[{"embeddable":true,"href":"https:\/\/www.diariomunicipal-al.com.br\/uniao\/wp-json\/wp\/v2\/comments?post=3378"}],"version-history":[{"count":1,"href":"https:\/\/www.diariomunicipal-al.com.br\/uniao\/wp-json\/wp\/v2\/posts\/3378\/revisions"}],"predecessor-version":[{"id":3379,"href":"https:\/\/www.diariomunicipal-al.com.br\/uniao\/wp-json\/wp\/v2\/posts\/3378\/revisions\/3379"}],"wp:attachment":[{"href":"https:\/\/www.diariomunicipal-al.com.br\/uniao\/wp-json\/wp\/v2\/media?parent=3378"}],"wp:term":[{"taxonomy":"category","embeddable":true,"href":"https:\/\/www.diariomunicipal-al.com.br\/uniao\/wp-json\/wp\/v2\/categories?post=3378"},{"taxonomy":"post_tag","embeddable":true,"href":"https:\/\/www.diariomunicipal-al.com.br\/uniao\/wp-json\/wp\/v2\/tags?post=3378"}],"curies":[{"name":"wp","href":"https:\/\/api.w.org\/{rel}","templated":true}]}}