{"id":3400,"date":"2025-01-30T11:18:00","date_gmt":"2025-01-30T14:18:00","guid":{"rendered":"https:\/\/www.diariomunicipal-al.com.br\/uniao\/?p=3400"},"modified":"2025-01-30T13:18:55","modified_gmt":"2025-01-30T16:18:55","slug":"decreto-no-027-de-30-de-janeiro-de-2025","status":"publish","type":"post","link":"https:\/\/www.diariomunicipal-al.com.br\/uniao\/decreto-no-027-de-30-de-janeiro-de-2025\/","title":{"rendered":"DECRETO N\u00ba 027, DE 30 DE JANEIRO DE 2025."},"content":{"rendered":"\n<p>INSTITUI COMISS\u00c3O ESPECIAL \u2013 CE A QUE SE REFERE O \u00a7 1\u00ba, ART. 11, DA RESOLU\u00c7\u00c3O NORMATIVA N\u00ba 003\/2016 DO TRIBUNAL DE CONTAS DO ESTADO DE ALAGOAS \u2013 TCE\/AL, E D\u00c1 OUTRAS PROVID\u00caNCIAS.<\/p>\n\n\n\n<p><\/p>\n\n\n\n<p><strong>O PREFEITO DE UNI\u00c3O DOS PALMARES, ALAGOAS,<\/strong> no uso das atribui\u00e7\u00f5es que lhe confere a Lei Org\u00e2nica Municipal;<\/p>\n\n\n\n<p><strong>CONSIDERANDO<\/strong> o disposto no art. 11, \u00a7 1\u00ba, da Resolu\u00e7\u00e3o Normativa n\u00ba 003\/2016, do Egr\u00e9gio Tribunal de Contas do Estado de Alagoas, com a finalidade de proceder aos levantamentos necess\u00e1rios para conhecimento da realidade or\u00e7ament\u00e1ria, cont\u00e1bil, financeira e patrimonial do Munic\u00edpio;&nbsp;<\/p>\n\n\n\n<p><strong>DECRETA:<\/strong><\/p>\n\n\n\n<p><strong>Art. 1\u00ba<\/strong> Fica institu\u00edda Comiss\u00e3o Especial \u2013 CE a que se refere o \u00a7 1\u00ba do art. 11 da Resolu\u00e7\u00e3o Normativa n\u00ba 003\/2016 TCE\/AL, a ser composta pelos seguintes membros:<\/p>\n\n\n\n<p><strong>I \u2013<\/strong> PATR\u00cdCIA LU\u00cdZA MENEZES, CPF n\u00ba 786.169.724-04;<\/p>\n\n\n\n<p><strong>II \u2013<\/strong> PAULO VICTOR MENEZES, CPF n\u00ba 108.075.884-40;<\/p>\n\n\n\n<p><strong>III \u2013<\/strong> DALTON MEDEIROS BUARQUE, CPF n\u00ba 957.215.764-72;<\/p>\n\n\n\n<p><strong>IV \u2013<\/strong> JOS\u00c9 AUTO CAVALCANTE NETO, CPF n\u00ba 043.145.024-28; e<\/p>\n\n\n\n<p><strong>V \u2013<\/strong> ANDR\u00c9A DE ALBUQUERQUE CALHEIROS, CPF n\u00ba 050.345.544-02.<\/p>\n\n\n\n<p><strong>\u00a7 1\u00ba<\/strong> Poder\u00e3o ser convidados a integrar a CE, se necess\u00e1rio para o cumprimento de suas finalidades, membros de outros \u00f3rg\u00e3os e entidades dos Poderes P\u00fablicos Federais, Estaduais, Municipais e\/ou da sociedade civil.<\/p>\n\n\n\n<p><strong>\u00a7 2\u00ba<\/strong> Os membros da CE n\u00e3o ter\u00e3o qualquer remunera\u00e7\u00e3o pela fun\u00e7\u00e3o e os trabalhos por eles desenvolvidos ser\u00e3o considerados como presta\u00e7\u00e3o de relevante servi\u00e7o p\u00fablico.<\/p>\n\n\n\n<p><strong>Art. 2\u00ba <\/strong>A Comiss\u00e3o reunir-se-\u00e1 ordinariamente nas depend\u00eancias da sede da Prefeitura, e, extraordinariamente, em qualquer outro local e data a ser definido pelos membros do referido colegiado.<\/p>\n\n\n\n<p><strong>Art. 3\u00ba<\/strong> A Comiss\u00e3o elaborar\u00e1 o parecer t\u00e9cnico conclusivo no prazo de 30 (trinta) dias, encaminhando-o ao Prefeito para atendimento da Resolu\u00e7\u00e3o referida no art. 1\u00ba.<\/p>\n\n\n\n<p><strong>Art. 4\u00ba<\/strong> Os casos n\u00e3o previstos neste decreto ser\u00e3o solucionados pelo Chefe do Poder Executivo.<\/p>\n\n\n\n<p><strong>Art. 5\u00ba <\/strong>Este decreto entra em vigor na data de sua publica\u00e7\u00e3o.<\/p>\n\n\n\n<p>Uni\u00e3o dos Palmares, 30 de janeiro de 2025.<\/p>\n\n\n\n<p><strong>JOS\u00c9 IRAN MENEZES DA SILVA J\u00daNIOR<\/strong><\/p>\n\n\n\n<p>Prefeito<\/p>\n","protected":false},"excerpt":{"rendered":"<p>INSTITUI COMISS\u00c3O ESPECIAL \u2013 CE A QUE SE REFERE O \u00a7 1\u00ba, ART. 11, DA RESOLU\u00c7\u00c3O NORMATIVA N\u00ba 003\/2016 DO TRIBUNAL DE CONTAS DO ESTADO DE ALAGOAS \u2013 TCE\/AL, E D\u00c1 OUTRAS PROVID\u00caNCIAS. O PREFEITO DE UNI\u00c3O DOS PALMARES, ALAGOAS, no uso das atribui\u00e7\u00f5es que lhe confere a Lei Org\u00e2nica Municipal; CONSIDERANDO o disposto no [&hellip;]<\/p>\n","protected":false},"author":2,"featured_media":0,"comment_status":"open","ping_status":"open","sticky":false,"template":"","format":"standard","meta":{"footnotes":""},"categories":[8],"tags":[],"class_list":["post-3400","post","type-post","status-publish","format-standard","hentry","category-decretos"],"_links":{"self":[{"href":"https:\/\/www.diariomunicipal-al.com.br\/uniao\/wp-json\/wp\/v2\/posts\/3400","targetHints":{"allow":["GET"]}}],"collection":[{"href":"https:\/\/www.diariomunicipal-al.com.br\/uniao\/wp-json\/wp\/v2\/posts"}],"about":[{"href":"https:\/\/www.diariomunicipal-al.com.br\/uniao\/wp-json\/wp\/v2\/types\/post"}],"author":[{"embeddable":true,"href":"https:\/\/www.diariomunicipal-al.com.br\/uniao\/wp-json\/wp\/v2\/users\/2"}],"replies":[{"embeddable":true,"href":"https:\/\/www.diariomunicipal-al.com.br\/uniao\/wp-json\/wp\/v2\/comments?post=3400"}],"version-history":[{"count":1,"href":"https:\/\/www.diariomunicipal-al.com.br\/uniao\/wp-json\/wp\/v2\/posts\/3400\/revisions"}],"predecessor-version":[{"id":3401,"href":"https:\/\/www.diariomunicipal-al.com.br\/uniao\/wp-json\/wp\/v2\/posts\/3400\/revisions\/3401"}],"wp:attachment":[{"href":"https:\/\/www.diariomunicipal-al.com.br\/uniao\/wp-json\/wp\/v2\/media?parent=3400"}],"wp:term":[{"taxonomy":"category","embeddable":true,"href":"https:\/\/www.diariomunicipal-al.com.br\/uniao\/wp-json\/wp\/v2\/categories?post=3400"},{"taxonomy":"post_tag","embeddable":true,"href":"https:\/\/www.diariomunicipal-al.com.br\/uniao\/wp-json\/wp\/v2\/tags?post=3400"}],"curies":[{"name":"wp","href":"https:\/\/api.w.org\/{rel}","templated":true}]}}