{"id":3462,"date":"2022-12-13T08:44:00","date_gmt":"2022-12-13T11:44:00","guid":{"rendered":"https:\/\/www.diariomunicipal-al.com.br\/uniao\/?p=3462"},"modified":"2026-01-07T10:04:39","modified_gmt":"2026-01-07T13:04:39","slug":"decreto-no-30-2022","status":"publish","type":"post","link":"https:\/\/www.diariomunicipal-al.com.br\/uniao\/decreto-no-30-2022\/","title":{"rendered":"DECRETO N\u00ba 30\/2022"},"content":{"rendered":"\n<p><em>Disp\u00f5e sobre procedimento de execu\u00e7\u00e3o or\u00e7ament\u00e1ria financeira relativas \u00e0 reten\u00e7\u00e3o e recolhimento do imposto de renda incidente sobre rendimentos pagos pela administra\u00e7\u00e3o p\u00fablica direta, indireta, autarquias e fundacional do Munic\u00edpio de Uni\u00e3o dos Palmares\/AL.<\/em><\/p>\n\n\n\n<p><\/p>\n\n\n\n<p><\/p>\n\n\n\n<p>O Prefeito do Munic\u00edpio de Uni\u00e3o dos Palmares\/AL, no uso das atribui\u00e7\u00f5es legais que lhe confere a lei org\u00e2nica municipal;<\/p>\n\n\n\n<p><strong>Considerando<\/strong>, o disposto no art. 157, I, da Constitui\u00e7\u00e3o da Rep\u00fablica Federativa do Brasil;<\/p>\n\n\n\n<p><strong>Considerando<\/strong>, o disposto na Lei Complementar n\u00ba 101 de 04 de maio de 2000, que estabelece normas de finan\u00e7as p\u00fablicas voltadas para a responsabilidade na gest\u00e3o fiscal e d\u00e1 outras provid\u00eancias;<\/p>\n\n\n\n<p><strong>Considerando<\/strong>, o disposto na Instru\u00e7\u00e3o Normativa n\u00ba 1234, de 11 de janeiro de 2012, expedida pela Receita Federal do Brasil;<\/p>\n\n\n\n<p><strong>Considerando<\/strong>, que o Supremo Tribunal Federal &#8211; STF, no julgamento de recurso extraordin\u00e1rio (RE 607.886), fixou tese com repercuss\u00e3o geral (TEMA 1130), em que afirmou pertencer ao Munic\u00edpio, aos Estados e ao Distrito Federal a titularidade das receitas arrecadadas a t\u00edtulo de imposto de renda retido na fonte incidente sobre valores pagos por eles, suas autarquias e funda\u00e7\u00f5es, a pessoas f\u00edsicas ou jur\u00eddicas contratadas para a presta\u00e7\u00e3o de bens ou servi\u00e7os;<\/p>\n\n\n\n<p><\/p>\n\n\n\n<p>DECRETA:<\/p>\n\n\n\n<p><\/p>\n\n\n\n<p>Art. 1\u00ba Os ordenadores de despesa da administra\u00e7\u00e3o p\u00fablica direta, aut\u00e1rquica e fundacional est\u00e3o obrigados a reter e recolher ao Tesouro Municipal o imposto de renda incidente sobre os valores pagos por eles, a pessoas f\u00edsicas ou jur\u00eddicas contratadas para o fornecimento de bens ou presta\u00e7\u00e3o de servi\u00e7os.<\/p>\n\n\n\n<p>\u00a7 1\u00ba Os valores retidos dever\u00e3o ser recolhidos em at\u00e9 5 (cinco dias) ao Tesouro Municipal mediante pagamento de DAM (Documento de Arrecada\u00e7\u00e3o Municipal) emitido pelo Departamento de Arrecada\u00e7\u00e3o Municipal.<\/p>\n\n\n\n<p>\u00a7 2\u00ba Os comprovantes de reten\u00e7\u00e3o e de recolhimento do imposto de renda dever\u00e3o ser juntados aos respectivos processos de pagamento, que ficar\u00e3o \u00e0 disposi\u00e7\u00e3o dos \u00f3rg\u00e3os de controle interno e externo pelos prazos previstos em legisla\u00e7\u00e3o espec\u00edfica.<\/p>\n\n\n\n<p>\u00a7 3\u00ba As reten\u00e7\u00f5es ser\u00e3o efetuadas sobre qualquer forma de pagamento, inclusive os pagamentos antecipados por conta de fornecimento de bens ou de presta\u00e7\u00e3o de servi\u00e7os, para entrega futura.<\/p>\n\n\n\n<p>Art. 2\u00ba Os procedimentos para execu\u00e7\u00e3o da reten\u00e7\u00e3o do imposto de renda e do respectivo recolhimento ao Tesouro Municipal, dever\u00e3o ser efetuados com base na Instru\u00e7\u00e3o Normativa RFB n\u00ba 1234 , de 11 de janeiro de 2012 e de Procedimento Cont\u00e1bil que ser\u00e1 disponibilizado pela Contabilidade Municipal.<\/p>\n\n\n\n<p>Par\u00e1grafo \u00fanico. Os pagamentos que n\u00e3o estejam em conformidade com os procedimentos e regras estabelecidas neste Decreto, n\u00e3o ser\u00e3o processados pela Contabilidade Municipal.<\/p>\n\n\n\n<p>Art. 4\u00ba A obriga\u00e7\u00e3o de reten\u00e7\u00e3o do IR alcan\u00e7ar\u00e1 todos os contratos e rela\u00e7\u00f5es de compras e pagamentos efetuados pelos \u00f3rg\u00e3os e entidades mencionados no art. 1\u00ba.<\/p>\n\n\n\n<p>Art. 5\u00ba Os \u00f3rg\u00e3os p\u00fablicos Municipais, dever\u00e3o tomar as medidas necess\u00e1rias para que seus prestadores de servi\u00e7o e fornecedores de bens, a partir da vig\u00eancia do presente, emitam suas notas fiscais em observ\u00e2ncia \u00e0s regras de reten\u00e7\u00e3o dispostas na Instru\u00e7\u00e3o Normativa RFB n\u00ba 1234 , de 11 de janeiro de 2012.<\/p>\n\n\n\n<p>Art. 6\u00ba Este Decreto entra em vigor na data de sua publica\u00e7\u00e3o.<\/p>\n\n\n\n<p><\/p>\n\n\n\n<p>Gabinete do Prefeito Municipal de Uni\u00e3o dos Palmares\/AL, 13 de dezembro de 2022.<\/p>\n\n\n\n<p><\/p>\n\n\n\n<p><\/p>\n\n\n\n<p><strong>Areski Damara de Omena Freitas J\u00fanior<\/strong><\/p>\n\n\n\n<p>Prefeito<\/p>\n","protected":false},"excerpt":{"rendered":"<p>Disp\u00f5e sobre procedimento de execu\u00e7\u00e3o or\u00e7ament\u00e1ria financeira relativas \u00e0 reten\u00e7\u00e3o e recolhimento do imposto de renda incidente sobre rendimentos pagos pela administra\u00e7\u00e3o p\u00fablica direta, indireta, autarquias e fundacional do Munic\u00edpio de Uni\u00e3o dos Palmares\/AL. O Prefeito do Munic\u00edpio de Uni\u00e3o dos Palmares\/AL, no uso das atribui\u00e7\u00f5es legais que lhe confere a lei org\u00e2nica municipal; Considerando, [&hellip;]<\/p>\n","protected":false},"author":2,"featured_media":0,"comment_status":"open","ping_status":"open","sticky":false,"template":"","format":"standard","meta":{"footnotes":""},"categories":[8],"tags":[],"class_list":["post-3462","post","type-post","status-publish","format-standard","hentry","category-decretos"],"_links":{"self":[{"href":"https:\/\/www.diariomunicipal-al.com.br\/uniao\/wp-json\/wp\/v2\/posts\/3462","targetHints":{"allow":["GET"]}}],"collection":[{"href":"https:\/\/www.diariomunicipal-al.com.br\/uniao\/wp-json\/wp\/v2\/posts"}],"about":[{"href":"https:\/\/www.diariomunicipal-al.com.br\/uniao\/wp-json\/wp\/v2\/types\/post"}],"author":[{"embeddable":true,"href":"https:\/\/www.diariomunicipal-al.com.br\/uniao\/wp-json\/wp\/v2\/users\/2"}],"replies":[{"embeddable":true,"href":"https:\/\/www.diariomunicipal-al.com.br\/uniao\/wp-json\/wp\/v2\/comments?post=3462"}],"version-history":[{"count":1,"href":"https:\/\/www.diariomunicipal-al.com.br\/uniao\/wp-json\/wp\/v2\/posts\/3462\/revisions"}],"predecessor-version":[{"id":3463,"href":"https:\/\/www.diariomunicipal-al.com.br\/uniao\/wp-json\/wp\/v2\/posts\/3462\/revisions\/3463"}],"wp:attachment":[{"href":"https:\/\/www.diariomunicipal-al.com.br\/uniao\/wp-json\/wp\/v2\/media?parent=3462"}],"wp:term":[{"taxonomy":"category","embeddable":true,"href":"https:\/\/www.diariomunicipal-al.com.br\/uniao\/wp-json\/wp\/v2\/categories?post=3462"},{"taxonomy":"post_tag","embeddable":true,"href":"https:\/\/www.diariomunicipal-al.com.br\/uniao\/wp-json\/wp\/v2\/tags?post=3462"}],"curies":[{"name":"wp","href":"https:\/\/api.w.org\/{rel}","templated":true}]}}