{"id":3520,"date":"2025-03-07T13:29:00","date_gmt":"2025-03-07T16:29:00","guid":{"rendered":"https:\/\/www.diariomunicipal-al.com.br\/uniao\/?p=3520"},"modified":"2025-03-10T14:36:01","modified_gmt":"2025-03-10T17:36:01","slug":"portaria-n-076-de-6-de-marco-de-2025","status":"publish","type":"post","link":"https:\/\/www.diariomunicipal-al.com.br\/uniao\/portaria-n-076-de-6-de-marco-de-2025\/","title":{"rendered":"PORTARIA N\u00b0 076, DE 6 DE MAR\u00c7O DE 2025."},"content":{"rendered":"\n<p>DISP\u00d5E SOBRE A DESIGNA\u00c7\u00c3O DA COORDENADORA FINANCEIRA DA SECRETARIA MUNICIPAL DE EDUCA\u00c7\u00c3O.<\/p>\n\n\n\n<p><\/p>\n\n\n\n<p><\/p>\n\n\n\n<p><strong>O PREFEITO DE UNI\u00c3O DOS PALMARES, ALAGOAS<\/strong>, no uso da atribui\u00e7\u00e3o que lhe confere o art. 49 da Lei Org\u00e2nica Municipal;<\/p>\n\n\n\n<p><strong>CONSIDERANDO<\/strong> o disposto no art. 3\u00ba da Lei Municipal n\u00ba 1.615, de 23 de outubro de 2024, que criou o Fundo Municipal de Educa\u00e7\u00e3o &#8211; FME de Uni\u00e3o dos Palmares;<\/p>\n\n\n\n<p><strong>CONSIDERANDO<\/strong> a distribui\u00e7\u00e3o e o escalonamento das fun\u00e7\u00f5es t\u00edpicas nos \u00f3rg\u00e3os p\u00fablicos municipais e as atribui\u00e7\u00f5es dos gestores p\u00fablicos, havendo a necessidade do compartilhamento das atividades financeiras na Secretaria Municipal de Educa\u00e7\u00e3o referente ao Fundo Municipal de Educa\u00e7\u00e3o, bem como visando cumprir os termos da lei supracitada;<\/p>\n\n\n\n<p><\/p>\n\n\n\n<p><strong>RESOLVE:<\/strong><\/p>\n\n\n\n<p><\/p>\n\n\n\n<p><strong>Art. 1\u00ba<\/strong> Designar JOSEFA FERREIRA DE MORAES LINS, CPF n\u00ba 593.219.204-63, ao cargo de Coordenadora Financeira da Secretaria Municipal de Educa\u00e7\u00e3o, com as atribui\u00e7\u00f5es constitu\u00eddas pela Lei Municipal n\u00ba 1.615, de 23 de outubro de 2024, perante os \u00f3rg\u00e3os da administra\u00e7\u00e3o p\u00fablica, entidades banc\u00e1rias e outros fins.<\/p>\n\n\n\n<p><strong>Art. 2\u00ba<\/strong> Esta portaria entra em vigor na data de sua publica\u00e7\u00e3o.<\/p>\n\n\n\n<p>Uni\u00e3o dos Palmares, 6 de mar\u00e7o de 2025.<\/p>\n\n\n\n<p><strong>JOS\u00c9 IRAN MENEZES DA SILVA JUNIOR<\/strong><\/p>\n\n\n\n<p>Prefeito<\/p>\n\n\n\n<p><\/p>\n\n\n\n<p><\/p>\n\n\n\n<p><\/p>\n\n\n\n<p><\/p>\n\n\n\n<p><\/p>\n","protected":false},"excerpt":{"rendered":"<p>DISP\u00d5E SOBRE A DESIGNA\u00c7\u00c3O DA COORDENADORA FINANCEIRA DA SECRETARIA MUNICIPAL DE EDUCA\u00c7\u00c3O. O PREFEITO DE UNI\u00c3O DOS PALMARES, ALAGOAS, no uso da atribui\u00e7\u00e3o que lhe confere o art. 49 da Lei Org\u00e2nica Municipal; CONSIDERANDO o disposto no art. 3\u00ba da Lei Municipal n\u00ba 1.615, de 23 de outubro de 2024, que criou o Fundo Municipal [&hellip;]<\/p>\n","protected":false},"author":2,"featured_media":0,"comment_status":"open","ping_status":"open","sticky":false,"template":"","format":"standard","meta":{"footnotes":""},"categories":[6],"tags":[],"class_list":["post-3520","post","type-post","status-publish","format-standard","hentry","category-portarias"],"_links":{"self":[{"href":"https:\/\/www.diariomunicipal-al.com.br\/uniao\/wp-json\/wp\/v2\/posts\/3520","targetHints":{"allow":["GET"]}}],"collection":[{"href":"https:\/\/www.diariomunicipal-al.com.br\/uniao\/wp-json\/wp\/v2\/posts"}],"about":[{"href":"https:\/\/www.diariomunicipal-al.com.br\/uniao\/wp-json\/wp\/v2\/types\/post"}],"author":[{"embeddable":true,"href":"https:\/\/www.diariomunicipal-al.com.br\/uniao\/wp-json\/wp\/v2\/users\/2"}],"replies":[{"embeddable":true,"href":"https:\/\/www.diariomunicipal-al.com.br\/uniao\/wp-json\/wp\/v2\/comments?post=3520"}],"version-history":[{"count":1,"href":"https:\/\/www.diariomunicipal-al.com.br\/uniao\/wp-json\/wp\/v2\/posts\/3520\/revisions"}],"predecessor-version":[{"id":3521,"href":"https:\/\/www.diariomunicipal-al.com.br\/uniao\/wp-json\/wp\/v2\/posts\/3520\/revisions\/3521"}],"wp:attachment":[{"href":"https:\/\/www.diariomunicipal-al.com.br\/uniao\/wp-json\/wp\/v2\/media?parent=3520"}],"wp:term":[{"taxonomy":"category","embeddable":true,"href":"https:\/\/www.diariomunicipal-al.com.br\/uniao\/wp-json\/wp\/v2\/categories?post=3520"},{"taxonomy":"post_tag","embeddable":true,"href":"https:\/\/www.diariomunicipal-al.com.br\/uniao\/wp-json\/wp\/v2\/tags?post=3520"}],"curies":[{"name":"wp","href":"https:\/\/api.w.org\/{rel}","templated":true}]}}