{"id":3594,"date":"2025-04-07T12:38:00","date_gmt":"2025-04-07T15:38:00","guid":{"rendered":"https:\/\/www.diariomunicipal-al.com.br\/uniao\/?p=3594"},"modified":"2025-04-09T13:53:13","modified_gmt":"2025-04-09T16:53:13","slug":"aviso-de-licitacao-pregao-eletronico-no-02-2025-srp","status":"publish","type":"post","link":"https:\/\/www.diariomunicipal-al.com.br\/uniao\/aviso-de-licitacao-pregao-eletronico-no-02-2025-srp\/","title":{"rendered":"AVISO DE LICITA\u00c7\u00c3O &#8211; PREG\u00c3O ELETR\u00d4NICO N\u00ba 02\/2025-SRP"},"content":{"rendered":"\n<p class=\"has-text-align-center\">MUNIC\u00cdPIO DE UNI\u00c3O DOS PALMARES\/AL<\/p>\n\n\n\n<p class=\"has-text-align-center\">AVISO DE LICITA\u00c7\u00c3O<\/p>\n\n\n\n<p class=\"has-text-align-center\"><strong>PREG\u00c3O ELETR\u00d4NICO N\u00ba 02\/2025-SRP<\/strong><\/p>\n\n\n\n<p>Modalidade\/N\u00ba: Preg\u00e3o Eletr\u00f4nico n\u00ba 02\/2025-SRP \u2013 Tipo: Menor Pre\u00e7o \u2013 Objeto: Registro de pre\u00e7os para eventual contrata\u00e7\u00e3o de empresa especializada em Servi\u00e7os Funer\u00e1rios, incluindo o fornecimento de urna, ornamenta\u00e7\u00e3o e translado a fim de atender as Fam\u00edlias Carentes do Munic\u00edpio de Uni\u00e3o dos Palmares\/AL \u2013 Data\/Hor\u00e1rio: 25 de ABRIL de 2025, \u00e0s 14:00 (catorze horas) &#8211; (hor\u00e1rio de Bras\u00edlia) \u2013 O Edital em inteiro teor encontra-se dispon\u00edvel no site: http:\/\/bnc.org.br\/, no portal do munic\u00edpio, atrav\u00e9s do site http:\/\/www.uniaodospalmares.al.gov.br, no endere\u00e7o sede da Prefeitura localizada na Rua Marechal Deodoro da Fonseca, Centro, CEP 57.800-000, em dias \u00fateis, no hor\u00e1rio das 08 \u00e0s 13 horas, ou por meio eletr\u00f4nico, mediante solicita\u00e7\u00e3o enviada ao e-mail: licitacoes@uniaodospalmares.al.gov.br.<\/p>\n\n\n\n<p class=\"has-text-align-center\">ADRIANO JOS\u00c9 DA SILVA<br>Pregoeiro<\/p>\n\n\n\n<p><\/p>\n","protected":false},"excerpt":{"rendered":"<p>MUNIC\u00cdPIO DE UNI\u00c3O DOS PALMARES\/AL AVISO DE LICITA\u00c7\u00c3O PREG\u00c3O ELETR\u00d4NICO N\u00ba 02\/2025-SRP Modalidade\/N\u00ba: Preg\u00e3o Eletr\u00f4nico n\u00ba 02\/2025-SRP \u2013 Tipo: Menor Pre\u00e7o \u2013 Objeto: Registro de pre\u00e7os para eventual contrata\u00e7\u00e3o de empresa especializada em Servi\u00e7os Funer\u00e1rios, incluindo o fornecimento de urna, ornamenta\u00e7\u00e3o e translado a fim de atender as Fam\u00edlias Carentes do Munic\u00edpio de Uni\u00e3o dos [&hellip;]<\/p>\n","protected":false},"author":5,"featured_media":0,"comment_status":"open","ping_status":"open","sticky":false,"template":"","format":"standard","meta":{"footnotes":""},"categories":[1],"tags":[],"class_list":["post-3594","post","type-post","status-publish","format-standard","hentry","category-licitacoes"],"_links":{"self":[{"href":"https:\/\/www.diariomunicipal-al.com.br\/uniao\/wp-json\/wp\/v2\/posts\/3594","targetHints":{"allow":["GET"]}}],"collection":[{"href":"https:\/\/www.diariomunicipal-al.com.br\/uniao\/wp-json\/wp\/v2\/posts"}],"about":[{"href":"https:\/\/www.diariomunicipal-al.com.br\/uniao\/wp-json\/wp\/v2\/types\/post"}],"author":[{"embeddable":true,"href":"https:\/\/www.diariomunicipal-al.com.br\/uniao\/wp-json\/wp\/v2\/users\/5"}],"replies":[{"embeddable":true,"href":"https:\/\/www.diariomunicipal-al.com.br\/uniao\/wp-json\/wp\/v2\/comments?post=3594"}],"version-history":[{"count":1,"href":"https:\/\/www.diariomunicipal-al.com.br\/uniao\/wp-json\/wp\/v2\/posts\/3594\/revisions"}],"predecessor-version":[{"id":3595,"href":"https:\/\/www.diariomunicipal-al.com.br\/uniao\/wp-json\/wp\/v2\/posts\/3594\/revisions\/3595"}],"wp:attachment":[{"href":"https:\/\/www.diariomunicipal-al.com.br\/uniao\/wp-json\/wp\/v2\/media?parent=3594"}],"wp:term":[{"taxonomy":"category","embeddable":true,"href":"https:\/\/www.diariomunicipal-al.com.br\/uniao\/wp-json\/wp\/v2\/categories?post=3594"},{"taxonomy":"post_tag","embeddable":true,"href":"https:\/\/www.diariomunicipal-al.com.br\/uniao\/wp-json\/wp\/v2\/tags?post=3594"}],"curies":[{"name":"wp","href":"https:\/\/api.w.org\/{rel}","templated":true}]}}