{"id":3678,"date":"2025-04-28T11:00:36","date_gmt":"2025-04-28T14:00:36","guid":{"rendered":"https:\/\/www.diariomunicipal-al.com.br\/uniao\/?p=3678"},"modified":"2025-04-28T11:00:36","modified_gmt":"2025-04-28T14:00:36","slug":"portaria-no-088-de-15-de-abril-de-2025","status":"publish","type":"post","link":"https:\/\/www.diariomunicipal-al.com.br\/uniao\/portaria-no-088-de-15-de-abril-de-2025\/","title":{"rendered":"PORTARIA N\u00ba 088, DE 15 DE ABRIL DE 2025."},"content":{"rendered":"\n<p>DESIGNA O SECRET\u00c1RIO DE FINAN\u00c7AS PARA ASSUMIR INTERINAMENTE A SECRETARIA GERAL DE ADMINISTRA\u00c7\u00c3O.<\/p>\n\n\n\n<p><\/p>\n\n\n\n<p>O PREFEITO DE UNI\u00c3O DOS PALMARES, ALAGOAS, no uso da atribui\u00e7\u00e3o que lhe confere o art. 49, I, da Lei Org\u00e2nica Municipal;<\/p>\n\n\n\n<p><br>CONSIDERANDO a exonera\u00e7\u00e3o a pedido de Edemir Tourinho de Moraes do cargo de Secret\u00e1rio Municipal Geral de Administra\u00e7\u00e3o, formalizada por meio da Portaria n\u00ba 086\/2025, havendo a manifesta necessidade de indicar, temporariamente, um gestor para exercer a referida pasta;<\/p>\n\n\n\n<p><br>RESOLVE:<\/p>\n\n\n\n<p><br>Art. 1\u00ba Designar PAULO VICTOR DE OLIVEIRA GOMES MENEZES, Secret\u00e1rio Municipal de Finan\u00e7as, para exercer o cargo, em car\u00e1ter INTERINO, de Secret\u00e1rio Municipal Geral de Administra\u00e7\u00e3o.<\/p>\n\n\n\n<p><br>Art. 2\u00ba Esta portaria entra em vigor na data de sua publica\u00e7\u00e3o.<\/p>\n\n\n\n<p><br>Uni\u00e3o dos Palmares, 15 de abril de 2025.<\/p>\n\n\n\n<p><br>JOS\u00c9 IRAN MENEZES DA SILVA JUNIOR<br>Prefeito<\/p>\n","protected":false},"excerpt":{"rendered":"<p>DESIGNA O SECRET\u00c1RIO DE FINAN\u00c7AS PARA ASSUMIR INTERINAMENTE A SECRETARIA GERAL DE ADMINISTRA\u00c7\u00c3O. O PREFEITO DE UNI\u00c3O DOS PALMARES, ALAGOAS, no uso da atribui\u00e7\u00e3o que lhe confere o art. 49, I, da Lei Org\u00e2nica Municipal; CONSIDERANDO a exonera\u00e7\u00e3o a pedido de Edemir Tourinho de Moraes do cargo de Secret\u00e1rio Municipal Geral de Administra\u00e7\u00e3o, formalizada por [&hellip;]<\/p>\n","protected":false},"author":2,"featured_media":0,"comment_status":"open","ping_status":"open","sticky":false,"template":"","format":"standard","meta":{"footnotes":""},"categories":[6],"tags":[],"class_list":["post-3678","post","type-post","status-publish","format-standard","hentry","category-portarias"],"_links":{"self":[{"href":"https:\/\/www.diariomunicipal-al.com.br\/uniao\/wp-json\/wp\/v2\/posts\/3678","targetHints":{"allow":["GET"]}}],"collection":[{"href":"https:\/\/www.diariomunicipal-al.com.br\/uniao\/wp-json\/wp\/v2\/posts"}],"about":[{"href":"https:\/\/www.diariomunicipal-al.com.br\/uniao\/wp-json\/wp\/v2\/types\/post"}],"author":[{"embeddable":true,"href":"https:\/\/www.diariomunicipal-al.com.br\/uniao\/wp-json\/wp\/v2\/users\/2"}],"replies":[{"embeddable":true,"href":"https:\/\/www.diariomunicipal-al.com.br\/uniao\/wp-json\/wp\/v2\/comments?post=3678"}],"version-history":[{"count":1,"href":"https:\/\/www.diariomunicipal-al.com.br\/uniao\/wp-json\/wp\/v2\/posts\/3678\/revisions"}],"predecessor-version":[{"id":3679,"href":"https:\/\/www.diariomunicipal-al.com.br\/uniao\/wp-json\/wp\/v2\/posts\/3678\/revisions\/3679"}],"wp:attachment":[{"href":"https:\/\/www.diariomunicipal-al.com.br\/uniao\/wp-json\/wp\/v2\/media?parent=3678"}],"wp:term":[{"taxonomy":"category","embeddable":true,"href":"https:\/\/www.diariomunicipal-al.com.br\/uniao\/wp-json\/wp\/v2\/categories?post=3678"},{"taxonomy":"post_tag","embeddable":true,"href":"https:\/\/www.diariomunicipal-al.com.br\/uniao\/wp-json\/wp\/v2\/tags?post=3678"}],"curies":[{"name":"wp","href":"https:\/\/api.w.org\/{rel}","templated":true}]}}