{"id":3683,"date":"2025-04-29T11:28:15","date_gmt":"2025-04-29T14:28:15","guid":{"rendered":"https:\/\/www.diariomunicipal-al.com.br\/uniao\/?p=3683"},"modified":"2025-04-29T11:29:14","modified_gmt":"2025-04-29T14:29:14","slug":"decreto-n-34-de-29-de-abril-de-2025","status":"publish","type":"post","link":"https:\/\/www.diariomunicipal-al.com.br\/uniao\/decreto-n-34-de-29-de-abril-de-2025\/","title":{"rendered":"DECRETO N\u00b0 034, DE 29 DE ABRIL DE 2025."},"content":{"rendered":"\n<p>DECRETA PONTO FACULTATIVO NAS REPARTI\u00c7\u00d5ES P\u00daBLICAS MUNICIPAIS NO DIA 2 DE MAIO DE 2025.<\/p>\n\n\n\n<p><\/p>\n\n\n\n<p>O PREFEITO DE UNI\u00c3O DOS PALMARES, ALAGOAS, no uso da atribui\u00e7\u00e3o que lhe confere a Lei Org\u00e2nica Municipal;<\/p>\n\n\n\n<p><br>CONSIDERANDO o art. 3\u00ba do Decreto Municipal n\u00ba 020\/2024, que disp\u00f5e sobre os feriados nacionais, estaduais e municipais em 2025, bem como os pontos facultativos para Administra\u00e7\u00e3o P\u00fablica de Uni\u00e3o dos Palmares;<\/p>\n\n\n\n<p><br>DECRETA:<\/p>\n\n\n\n<p><br>Art. 1\u00ba Ponto facultativo nas reparti\u00e7\u00f5es p\u00fablicas jurisdicionadas ao Munic\u00edpio de Uni\u00e3o dos Palmares, Alagoas, no dia 2 de maio de 2025 (sexta-feira).<\/p>\n\n\n\n<p><br>Art. 2\u00ba Fica autorizada a organiza\u00e7\u00e3o de escalas de trabalho para atendimento dos servi\u00e7os essenciais impedidos de sofrer interrup\u00e7\u00f5es, tais como servi\u00e7os de sa\u00fade, coleta di\u00e1ria de lixo e vigil\u00e2ncia de pr\u00e9dios p\u00fablicos, desde que n\u00e3o incorra em \u00f4nus ao Munic\u00edpio.<\/p>\n\n\n\n<p><br>Art. 3\u00ba Este decreto entra em vigor na data de sua publica\u00e7\u00e3o.<\/p>\n\n\n\n<p><br>Uni\u00e3o dos Palmares, 29 de abril de 2025.<\/p>\n\n\n\n<p><br>JOS\u00c9 IRAN MENEZES DA SILVA JUNIOR<br>Prefeito<\/p>\n","protected":false},"excerpt":{"rendered":"<p>DECRETA PONTO FACULTATIVO NAS REPARTI\u00c7\u00d5ES P\u00daBLICAS MUNICIPAIS NO DIA 2 DE MAIO DE 2025. O PREFEITO DE UNI\u00c3O DOS PALMARES, ALAGOAS, no uso da atribui\u00e7\u00e3o que lhe confere a Lei Org\u00e2nica Municipal; CONSIDERANDO o art. 3\u00ba do Decreto Municipal n\u00ba 020\/2024, que disp\u00f5e sobre os feriados nacionais, estaduais e municipais em 2025, bem como os [&hellip;]<\/p>\n","protected":false},"author":2,"featured_media":0,"comment_status":"open","ping_status":"open","sticky":false,"template":"","format":"standard","meta":{"footnotes":""},"categories":[8],"tags":[],"class_list":["post-3683","post","type-post","status-publish","format-standard","hentry","category-decretos"],"_links":{"self":[{"href":"https:\/\/www.diariomunicipal-al.com.br\/uniao\/wp-json\/wp\/v2\/posts\/3683","targetHints":{"allow":["GET"]}}],"collection":[{"href":"https:\/\/www.diariomunicipal-al.com.br\/uniao\/wp-json\/wp\/v2\/posts"}],"about":[{"href":"https:\/\/www.diariomunicipal-al.com.br\/uniao\/wp-json\/wp\/v2\/types\/post"}],"author":[{"embeddable":true,"href":"https:\/\/www.diariomunicipal-al.com.br\/uniao\/wp-json\/wp\/v2\/users\/2"}],"replies":[{"embeddable":true,"href":"https:\/\/www.diariomunicipal-al.com.br\/uniao\/wp-json\/wp\/v2\/comments?post=3683"}],"version-history":[{"count":3,"href":"https:\/\/www.diariomunicipal-al.com.br\/uniao\/wp-json\/wp\/v2\/posts\/3683\/revisions"}],"predecessor-version":[{"id":3686,"href":"https:\/\/www.diariomunicipal-al.com.br\/uniao\/wp-json\/wp\/v2\/posts\/3683\/revisions\/3686"}],"wp:attachment":[{"href":"https:\/\/www.diariomunicipal-al.com.br\/uniao\/wp-json\/wp\/v2\/media?parent=3683"}],"wp:term":[{"taxonomy":"category","embeddable":true,"href":"https:\/\/www.diariomunicipal-al.com.br\/uniao\/wp-json\/wp\/v2\/categories?post=3683"},{"taxonomy":"post_tag","embeddable":true,"href":"https:\/\/www.diariomunicipal-al.com.br\/uniao\/wp-json\/wp\/v2\/tags?post=3683"}],"curies":[{"name":"wp","href":"https:\/\/api.w.org\/{rel}","templated":true}]}}