{"id":3776,"date":"2025-05-16T08:10:00","date_gmt":"2025-05-16T11:10:00","guid":{"rendered":"https:\/\/www.diariomunicipal-al.com.br\/uniao\/?p=3776"},"modified":"2025-05-19T09:11:10","modified_gmt":"2025-05-19T12:11:10","slug":"portaria-no-112-de-16-de-maio-de-2025","status":"publish","type":"post","link":"https:\/\/www.diariomunicipal-al.com.br\/uniao\/portaria-no-112-de-16-de-maio-de-2025\/","title":{"rendered":"PORTARIA N\u00ba 112, DE 16 DE MAIO DE 2025."},"content":{"rendered":"\n<p>ALTERA O ART. 1\u00ba, ITENS 2. E 7., DA PORTARIA N\u00ba 60\/2024, DE 4 DE JULHO DE 2024.<\/p>\n\n\n\n<p><\/p>\n\n\n\n<p><strong>O PREFEITO DE UNI\u00c3O DOS PALMARES, ALAGOAS,<\/strong> no uso da atribui\u00e7\u00e3o que lhe confere a Lei Org\u00e2nica Municipal;<\/p>\n\n\n\n<p><strong>CONSIDERANDO <\/strong>a necessidade de substitui\u00e7\u00e3o de membros titulares e suplentes do Conselho Municipal de Educa\u00e7\u00e3o \u2013 CME, nomeado por meio da Portaria n\u00ba 60\/2024, referente \u00e0 representa\u00e7\u00e3o do Poder Legislativo Municipal e da Secretaria Municipal de Assist\u00eancia Social, tendo em vista altera\u00e7\u00f5es na composi\u00e7\u00e3o interna desses \u00f3rg\u00e3os;<\/p>\n\n\n\n<p><\/p>\n\n\n\n<p><strong>RESOLVE:<\/strong><\/p>\n\n\n\n<p><\/p>\n\n\n\n<p><strong>Art. 1\u00ba <\/strong>O artigo 1\u00ba, itens 2. e 7., da Portaria n\u00ba 60\/2024, de 4 de julho de 2024, passam a vigorar com a seguinte reda\u00e7\u00e3o:<\/p>\n\n\n\n<p><strong>\u201c Art. 1\u00ba&nbsp; <\/strong>[&#8230;]<\/p>\n\n\n\n<p><strong>2. Representantes do Poder Legislativo Municipal<\/strong><\/p>\n\n\n\n<p>Titular: Manoel Messias da Silva<\/p>\n\n\n\n<p>Suplente: <strong>Gustavo Thadeu Paulino Pedroza<\/strong><\/p>\n\n\n\n<p>Titular: Miriam Aureliano dos Santos<\/p>\n\n\n\n<p>Suplente: <strong>Jurandir Camilo da Silva<\/strong><\/p>\n\n\n\n<p>[&#8230;]<\/p>\n\n\n\n<p><strong>7. Representantes do Conselho Municipal de Assist\u00eancia Social<\/strong><\/p>\n\n\n\n<p>Titular: <strong>Barnabel Bezerra da Silva<\/strong><\/p>\n\n\n\n<p>Suplente: <strong>Jos\u00e9 Dimas de Oliveira Filho<\/strong><\/p>\n\n\n\n<p><strong>Art. 2\u00ba <\/strong>Esta portaria entra em vigor na data de sua publica\u00e7\u00e3o.<\/p>\n\n\n\n<p><\/p>\n\n\n\n<p>Uni\u00e3o dos Palmares, 16 de maio de 2025.<\/p>\n\n\n\n<p><\/p>\n\n\n\n<p><strong>JOS\u00c9 IRAN MENEZES DA SILVA JUNIOR<\/strong><\/p>\n\n\n\n<p>Prefeito<\/p>\n","protected":false},"excerpt":{"rendered":"<p>ALTERA O ART. 1\u00ba, ITENS 2. E 7., DA PORTARIA N\u00ba 60\/2024, DE 4 DE JULHO DE 2024. O PREFEITO DE UNI\u00c3O DOS PALMARES, ALAGOAS, no uso da atribui\u00e7\u00e3o que lhe confere a Lei Org\u00e2nica Municipal; CONSIDERANDO a necessidade de substitui\u00e7\u00e3o de membros titulares e suplentes do Conselho Municipal de Educa\u00e7\u00e3o \u2013 CME, nomeado por [&hellip;]<\/p>\n","protected":false},"author":2,"featured_media":0,"comment_status":"open","ping_status":"open","sticky":false,"template":"","format":"standard","meta":{"footnotes":""},"categories":[6],"tags":[],"class_list":["post-3776","post","type-post","status-publish","format-standard","hentry","category-portarias"],"_links":{"self":[{"href":"https:\/\/www.diariomunicipal-al.com.br\/uniao\/wp-json\/wp\/v2\/posts\/3776","targetHints":{"allow":["GET"]}}],"collection":[{"href":"https:\/\/www.diariomunicipal-al.com.br\/uniao\/wp-json\/wp\/v2\/posts"}],"about":[{"href":"https:\/\/www.diariomunicipal-al.com.br\/uniao\/wp-json\/wp\/v2\/types\/post"}],"author":[{"embeddable":true,"href":"https:\/\/www.diariomunicipal-al.com.br\/uniao\/wp-json\/wp\/v2\/users\/2"}],"replies":[{"embeddable":true,"href":"https:\/\/www.diariomunicipal-al.com.br\/uniao\/wp-json\/wp\/v2\/comments?post=3776"}],"version-history":[{"count":1,"href":"https:\/\/www.diariomunicipal-al.com.br\/uniao\/wp-json\/wp\/v2\/posts\/3776\/revisions"}],"predecessor-version":[{"id":3777,"href":"https:\/\/www.diariomunicipal-al.com.br\/uniao\/wp-json\/wp\/v2\/posts\/3776\/revisions\/3777"}],"wp:attachment":[{"href":"https:\/\/www.diariomunicipal-al.com.br\/uniao\/wp-json\/wp\/v2\/media?parent=3776"}],"wp:term":[{"taxonomy":"category","embeddable":true,"href":"https:\/\/www.diariomunicipal-al.com.br\/uniao\/wp-json\/wp\/v2\/categories?post=3776"},{"taxonomy":"post_tag","embeddable":true,"href":"https:\/\/www.diariomunicipal-al.com.br\/uniao\/wp-json\/wp\/v2\/tags?post=3776"}],"curies":[{"name":"wp","href":"https:\/\/api.w.org\/{rel}","templated":true}]}}