{"id":3778,"date":"2025-05-20T14:22:00","date_gmt":"2025-05-20T17:22:00","guid":{"rendered":"https:\/\/www.diariomunicipal-al.com.br\/uniao\/?p=3778"},"modified":"2025-05-20T22:07:51","modified_gmt":"2025-05-21T01:07:51","slug":"aviso-de-dispensa-de-licitacao-9","status":"publish","type":"post","link":"https:\/\/www.diariomunicipal-al.com.br\/uniao\/aviso-de-dispensa-de-licitacao-9\/","title":{"rendered":"AVISO DE DISPENSA DE LICITA\u00c7\u00c3O"},"content":{"rendered":"\n<figure class=\"wp-block-image size-full\"><img fetchpriority=\"high\" decoding=\"async\" width=\"907\" height=\"440\" src=\"https:\/\/www.diariomunicipal-al.com.br\/uniao\/wp-content\/uploads\/2025\/05\/image-8.png\" alt=\"\" class=\"wp-image-3780\" srcset=\"https:\/\/www.diariomunicipal-al.com.br\/uniao\/wp-content\/uploads\/2025\/05\/image-8.png 907w, https:\/\/www.diariomunicipal-al.com.br\/uniao\/wp-content\/uploads\/2025\/05\/image-8-300x146.png 300w, https:\/\/www.diariomunicipal-al.com.br\/uniao\/wp-content\/uploads\/2025\/05\/image-8-768x373.png 768w\" sizes=\"(max-width: 907px) 100vw, 907px\" \/><\/figure>\n\n\n\n<figure class=\"wp-block-table\"><table class=\"has-fixed-layout\"><tbody><tr><td><strong>&nbsp;<\/strong> <strong>PROCESSO ADMINISTRATIVO&nbsp;<\/strong> <strong>&nbsp;<\/strong><\/td><td><strong>1003052000012025<\/strong><strong><\/strong><\/td><\/tr><tr><td><strong>&nbsp;<\/strong> <strong>PRAZO PARA ENTREGA &#8211; PROPOSTA DE PRE\u00c7OS E DOCUMENTOS DE HABILITA\u00c7\u00c3O<\/strong> <strong>&nbsp;<\/strong><\/td><td>72 horas<\/td><\/tr><tr><td><strong>&nbsp;<\/strong> <strong>REFER\u00caNCIA DE HOR\u00c1RIO<\/strong> <strong>&nbsp;<\/strong><\/td><td>Hor\u00e1rio de Bras\u00edlia &#8211; DF<\/td><\/tr><tr><td><strong>&nbsp;<\/strong> <strong>ENDERE\u00c7O ELETR\u00d4NICO PARA ENVIO DA PROPOSTA E DOCUMENOS DE HABILITA\u00c7\u00c3O<\/strong> <strong>&nbsp;<\/strong><\/td><td><strong>compras.pmup@hotmail.com<\/strong><\/td><\/tr><\/tbody><\/table><\/figure>\n\n\n\n<p>O <strong>MUNIC\u00cdPIO DE UNI\u00c3O DOS PALMARES \u2013 AL<\/strong>, atrav\u00e9s do FUNDO MUNICIPAL DE ASSIST\u00caNCIA SOCIAL, com sede na Dr. Ant\u00f4nio Arecipo, 345, Centro, CEP-57800-00, inscrita no CNPJ\/MF sob n\u00b0 14.761.041\/0001-05, torna p\u00fablico para conhecimento dos interessados a realiza\u00e7\u00e3o <strong>DISPENSA DE LICITA\u00c7\u00c3O<\/strong>, com crit\u00e9rio de julgamento <strong>MENOR PRE\u00c7O GLOBAL<\/strong>, nos termos do Art. n\u00ba 75, inciso II da Lei 14.133\/2021, e de acordo com as condi\u00e7\u00f5es, crit\u00e9rios e procedimentos estabelecidos neste Aviso e seus anexos, objetivando obter a melhor proposta, observadas as datas e hor\u00e1rios discriminados.<\/p>\n\n\n\n<figure class=\"wp-block-table\"><table class=\"has-fixed-layout\"><tbody><tr><td><strong>1 \u2013 OBJETO&nbsp;<\/strong><\/td><\/tr><tr><td>CONTRATA\u00c7\u00c3O DE EMPRESA ESPECIALIZADA NO FORNECIMENTO DE EQUIPAMENTOS PARA SISTEMA DE MONITORAMENTO POR C\u00c2MERAS DE SEGURAN\u00c7A (CFTV \u2013 CIRCUITO FECHADO DE TELEVIS\u00c3O) \u2013 PARA EQUIPAR A CASA LAR, CONFORME PLANO DE A\u00c7\u00c3O APROVADO PELO PROJETO CASA LAR: ACOLHER PARA TRANSFORMAR<\/td><\/tr><\/tbody><\/table><\/figure>\n\n\n\n<figure class=\"wp-block-table\"><table class=\"has-fixed-layout\"><tbody><tr><td><strong>2 \u2013 ANEXOS<\/strong><\/td><\/tr><tr><td>\u00a0 I \u2013 DOCUMENTO DE FORMALIZA\u00c7\u00c3O DE DEMANDA \u2013 DFD<br>  II \u2013 TERMO DE REFER\u00caNCIA.<\/td><\/tr><\/tbody><\/table><\/figure>\n\n\n\n<p><\/p>\n\n\n\n<figure class=\"wp-block-image size-full\"><img decoding=\"async\" width=\"952\" height=\"386\" src=\"https:\/\/www.diariomunicipal-al.com.br\/uniao\/wp-content\/uploads\/2025\/05\/image-9.png\" alt=\"\" class=\"wp-image-3784\" srcset=\"https:\/\/www.diariomunicipal-al.com.br\/uniao\/wp-content\/uploads\/2025\/05\/image-9.png 952w, https:\/\/www.diariomunicipal-al.com.br\/uniao\/wp-content\/uploads\/2025\/05\/image-9-300x122.png 300w, https:\/\/www.diariomunicipal-al.com.br\/uniao\/wp-content\/uploads\/2025\/05\/image-9-768x311.png 768w\" sizes=\"(max-width: 952px) 100vw, 952px\" \/><\/figure>\n\n\n\n<figure class=\"wp-block-table\"><table class=\"has-fixed-layout\"><tbody><tr><td><strong>1 \u2013 REG\u00caNCIA LEGAL&nbsp;<\/strong><\/td><\/tr><tr><td>1.1. As contrata\u00e7\u00f5es atrav\u00e9s de dispensa de licita\u00e7\u00e3o no Munic\u00edpio de Uni\u00e3o dos Palmares \u2013 AL, s\u00e3o regidas pelos dispositivos legais:&nbsp; a) Lei n\u00ba 14.133\/2021, Art. 75, Inc. II;&nbsp;<\/td><\/tr><\/tbody><\/table><\/figure>\n\n\n\n<figure class=\"wp-block-table\"><table class=\"has-fixed-layout\"><tbody><tr><td><strong>2 \u2013 OBJETO&nbsp;<\/strong><\/td><\/tr><tr><td>2.1. Conforme condi\u00e7\u00f5es constantes no Termo de Refer\u00eancia.&nbsp;<\/td><\/tr><\/tbody><\/table><\/figure>\n\n\n\n<figure class=\"wp-block-table\"><table class=\"has-fixed-layout\"><tbody><tr><td><strong>3 \u2013 CONDI\u00c7\u00d5ES DE PARTICIPA\u00c7\u00c3O<\/strong><\/td><\/tr><tr><td>3.1. Poder\u00e3o participar desta Dispensa de Licita\u00e7\u00e3o, pessoa jur\u00eddica, regularmente estabelecidas no pa\u00eds que atenda \u00e0s condi\u00e7\u00f5es exigidas neste Aviso e seus anexos, devendo pertencer ao ramo da atividade pertinente e compat\u00edvel com o objeto pretendido.<br><br>3.2. N\u00e3o poder\u00e3o participar desta Dispensa de Licita\u00e7\u00e3o os interessados:\u00a0 \u00a0 <br><br>Proibidos de participar de licita\u00e7\u00f5es e celebrar contratos administrativos, na forma da legisla\u00e7\u00e3o vigente.\u00a0 Que n\u00e3o atendam \u00e0s condi\u00e7\u00f5es deste Aviso e Termo de Refer\u00eancia;<br><br>Estrangeiros que n\u00e3o tenham representa\u00e7\u00e3o legal no Brasil com poderes expressos para receber cita\u00e7\u00e3o e responder administrativa ou judicialmente;<br><br>Que se enquadrem nas veda\u00e7\u00f5es previstas no artigo 14\u00ba da Lei Federal n\u00b0 14.133\/21;<br><br>Organiza\u00e7\u00f5es da Sociedade Civil de Interesse P\u00fablico &#8211; OSCIP atuando nessa condi\u00e7\u00e3o (Ac\u00f3rd\u00e3o n\u00b0 746\/2014 &#8211; TCU Plen\u00e1rio);<br><br>Estejam cumprindo penalidade de suspens\u00e3o tempor\u00e1ria imposta pela Administra\u00e7\u00e3o P\u00fablica Municipal, ou, ainda, penalidade imposta por qualquer \u00f3rg\u00e3o da Administra\u00e7\u00e3o P\u00fablica, nas hip\u00f3teses previstas nos incisos III e IV do art. 156 da Lei n\u00b0 14.133\/21.\u00a0<\/td><\/tr><\/tbody><\/table><\/figure>\n\n\n\n<figure class=\"wp-block-table\"><table class=\"has-fixed-layout\"><tbody><tr><td><strong>4 \u2013 ESPECIFICA\u00c7\u00d5ES DO OBJETO, DOTA\u00c7\u00c3O OR\u00c7AMENT\u00c1RIA, PRAZOS E LOCAL DE ENTREGA<\/strong><strong><\/strong><\/td><\/tr><tr><td>4.1. As informa\u00e7\u00f5es relativas a especifica\u00e7\u00f5es do objeto, dota\u00e7\u00e3o or\u00e7ament\u00e1ria, prazos e local de entrega est\u00e3o elencadas no Termo de Refer\u00eancia.<\/td><\/tr><\/tbody><\/table><\/figure>\n\n\n\n<figure class=\"wp-block-table\"><table class=\"has-fixed-layout\"><tbody><tr><td><strong>5 \u2013 PRAZO E FORMA PARA ENVIO DOS DOCUMENTOS DE HABILITA\u00c7\u00c3O E PROPOSTA DE PRE\u00c7O<\/strong><strong><\/strong><\/td><\/tr><tr><td>5.1. PRAZO DE ENTREGA DOS DOCUMENTOS: Este Aviso de Dispensa de Licita\u00e7\u00e3o ficar\u00e1 aberta por um per\u00edodo de 03 (TR\u00caS) DIAS \u00daTEIS, contados a partir da data de publica\u00e7\u00e3o de sua publica\u00e7\u00e3o na imprensa oficial. 5.2. A proposta de pre\u00e7os e os documentos de habilita\u00e7\u00e3o, dever\u00e3o ser encaminhados via e-mail, para o endere\u00e7o eletr\u00f4nico: <strong>compras.pmup@hotmail.com<\/strong>, fazendo refer\u00eancia no assunto do e-mail a <strong>DISPENSA DE LICITA\u00c7\u00c3O<\/strong>.&nbsp;<\/td><\/tr><\/tbody><\/table><\/figure>\n\n\n\n<figure class=\"wp-block-table\"><table class=\"has-fixed-layout\"><tbody><tr><td colspan=\"2\"><strong>6 \u2013 PROPOSTAS DE PRE\u00c7OS<\/strong><strong><\/strong><\/td><\/tr><tr><td colspan=\"2\">6.1. A proposta de pre\u00e7os dever\u00e1 ser apresentada na forma, prazo e condi\u00e7\u00f5es estipulados neste Aviso e seus anexos.<br><br>6.2. A proposta dever\u00e1 ser redigida em papel timbrado do interessado, por meio mec\u00e2nico ou informatizado, de forma clara e inequ\u00edvoca, sem emendas, rasuras ou entrelinhas, em estrita observ\u00e2ncia \u00e0s especifica\u00e7\u00f5es contidas neste Aviso, assinada na \u00faltima folha e rubricada nas demais pelo seu titular ou representante legal, devidamente identificado, nela constando, obrigatoriamente:\u00a0 \u00a0<br><br>a) Raz\u00e3o Social, CNPJ, endere\u00e7o, CEP, telefone\/ e-mail e pessoa de contato;<br><br>b) Pre\u00e7os de acordo com os praticados no mercado, dentro do pre\u00e7o m\u00e1ximo que o MUNIC\u00cdPIO se disp\u00f5e a pagar, em algarismo e por extenso, s\u00f3 reajust\u00e1veis na forma da lei, com valores expressos em moeda corrente nacional (R$). Ocorrendo diverg\u00eancia entre o pre\u00e7o em algarismo e o expresso por extenso, ser\u00e1 levado em conta por extenso.<br><br>c) Prazo de validade de proposta n\u00e3o inferior a 60 (sessenta) dias, a contar da data de sua apresenta\u00e7\u00e3o, sendo facultado aos proponentes estender tal validade por prazo superior.<br><br>6.3. A proposta de pre\u00e7os apresentada dever\u00e1 incluir todas e quaisquer despesas necess\u00e1rias para a execu\u00e7\u00e3o do objeto desta Dispensa de Licita\u00e7\u00e3o, tais como: tributos, emolumentos, contribui\u00e7\u00f5es sociais, fiscais, parafiscais, fretes, seguros e demais despesas inerentes, devendo o pre\u00e7o ofertado corresponder rigorosamente \u00e0s especifica\u00e7\u00f5es do objeto, n\u00e3o cabendo quaisquer reivindica\u00e7\u00f5es devidas a erros nessa avalia\u00e7\u00e3o, para efeito de solicitar revis\u00e3o de pre\u00e7os.<br><br>6.4. A proposta de pre\u00e7os que n\u00e3o estiver em conson\u00e2ncia com as exig\u00eancias deste Aviso ser\u00e1 desclassificada.<br><br>6.5. Os pre\u00e7os ofertados n\u00e3o poder\u00e3o exceder os pre\u00e7os m\u00e1ximos, constantes neste Aviso.<\/td><\/tr><\/tbody><\/table><\/figure>\n\n\n\n<figure class=\"wp-block-table\"><table class=\"has-fixed-layout\"><tbody><tr><td><strong>7 \u2013 DOCUMENTA\u00c7\u00c3O E HABILITA\u00c7\u00c3O&nbsp;<\/strong><\/td><\/tr><tr><td>7.1. Para fins de comprova\u00e7\u00e3o de habilita\u00e7\u00e3o, dever\u00e3o ser apresentados junto com a proposta de pre\u00e7os, os documentos relacionados nesse aviso.&nbsp;<\/td><\/tr><\/tbody><\/table><\/figure>\n\n\n\n<figure class=\"wp-block-table\"><table class=\"has-fixed-layout\"><tbody><tr><td><strong>8 \u2013 CRIT\u00c9RIO DE JULGAMENTO&nbsp;<\/strong><\/td><\/tr><tr><td><strong>8.1. PROPOSTAS DE PRE\u00c7OS\u00a0<\/strong> <br><br>8.1.1 As propostas apresentadas em conson\u00e2ncia com as exig\u00eancias do Aviso ser\u00e3o classificadas e ser\u00e1 declara vencedora a que apresentar o menor pre\u00e7o.\u00a0<br><br>8.1.2 Os interessados que apresentarem proposta de pre\u00e7os com diverg\u00eancia \u00e0s exig\u00eancias deste Aviso e seus anexos ser\u00e1 desclassificada.<br><br><strong>8.2. HABILITA\u00c7\u00c3O<\/strong><br><br>8.2.1 Ser\u00e1 habilitado o interessado que atender todas as condi\u00e7\u00f5es do Aviso e seus anexos.<br><br>8.2.2. Ser\u00e1 inabilitada o interessado que n\u00e3o atender as condi\u00e7\u00f5es do Aviso e seus anexos.\u00a0<\/td><\/tr><\/tbody><\/table><\/figure>\n\n\n\n<figure class=\"wp-block-table\"><table class=\"has-fixed-layout\"><tbody><tr><td><strong>9 \u2013 OBRIGA\u00c7\u00d5ES, PENALIDADES E SAN\u00c7\u00d5ES&nbsp;<\/strong><\/td><\/tr><tr><td>9.1. As obriga\u00e7\u00f5es, penalidades e san\u00e7\u00f5es est\u00e3o elencadas no Termo de Refer\u00eancia, anexo I deste Aviso e s\u00e3o parte integrante independente de transcri\u00e7\u00e3o. \u00a0<\/td><\/tr><\/tbody><\/table><\/figure>\n\n\n\n<figure class=\"wp-block-table\"><table class=\"has-fixed-layout\"><tbody><tr><td colspan=\"2\"><strong>10 \u2013 OBRIGA\u00c7\u00d5ES, PENALIDADES E SAN\u00c7\u00d5ES&nbsp;<\/strong><\/td><\/tr><tr><td colspan=\"2\">10.1 O interessado n\u00e3o poder\u00e1 alegar como justificativa para se eximir das obriga\u00e7\u00f5es assumidas, o desconhecimento das condi\u00e7\u00f5es para participa\u00e7\u00e3o desta Dispensa de Licita\u00e7\u00e3o.<br><br>10.2 O presente Aviso poder\u00e1 ser revogado, no todo em parte, por conveni\u00eancia administrativa e interesse p\u00fablico, decorrente de fato superveniente, devidamente justificado.<br><br>10.3 O presente Aviso poder\u00e1 ser anulado, no todo em parte, caso ocorra ilegalidade, de oficio ou por provoca\u00e7\u00e3o. A anula\u00e7\u00e3o do procedimento oriundo deste Aviso, n\u00e3o gera direito a indeniza\u00e7\u00e3o.<br><br>10.4 Ap\u00f3s a fase de classifica\u00e7\u00e3o da proposta, n\u00e3o cabe desist\u00eancia da mesma, salvo por motivo justo decorrente de fato superveniente, e desde que aceito pelo MUNIC\u00cdPIO.<br><br>10.5 Ao apresentar a proposta de pre\u00e7os, o interessado declara sob as penalidades da Lei, da inexist\u00eancia de qualquer v\u00ednculo de natureza t\u00e9cnica, comercial, econ\u00f4mica, financeira ou trabalhista, entre si e os respons\u00e1veis por esta Dispensa de Licita\u00e7\u00e3o, quer direta ou indiretamente.<br><br>10.6 A apresenta\u00e7\u00e3o de proposta pressup\u00f5e o pleno conhecimento, atendimento e aceita\u00e7\u00e3o integral e irretrat\u00e1vel, por parte do interessado, das exig\u00eancias e condi\u00e7\u00f5es estabelecidas neste Aviso e Termo de Refer\u00eancia.<br><br>10.7 A falsidade de qualquer documento apresentado ou a inverdade das informa\u00e7\u00f5es nele contidas implicar\u00e1 a imediata desclassifica\u00e7\u00e3o\/inabilita\u00e7\u00e3o do interessado que o tiver apresentado, ou, caso tenha sido o vencedor, a rescis\u00e3o do contrato ou do pedido de compra, sem preju\u00edzo de demais san\u00e7\u00f5es cab\u00edveis.\u00a0<br>\u00a0\u00a0<br>10.8 Na contagem dos prazos estabelecidos neste Aviso, com fulcro no Art 183 da Lei Federal 14.133\/2021, ser\u00e3o contados com exclus\u00e3o do dia do come\u00e7o e inclus\u00e3o do dia do vencimento, observando-se as seguintes disposi\u00e7\u00f5es:\u00a0<br>\u00a0<br>a) Os prazos expressos em dias corridos ser\u00e3o computados de modo cont\u00ednuo;\u00a0<br>b) Os prazos expressos em meses ou anos ser\u00e3o computados de data a data;\u00a0<br>c) Nos prazos expressos em dias \u00fateis, ser\u00e3o computados somente os dias em que ocorrer expediente administrativo no \u00f3rg\u00e3o ou entidade competente.\u00a0<\/td><\/tr><\/tbody><\/table><\/figure>\n\n\n\n<p><\/p>\n\n\n\n<h4 class=\"wp-block-heading has-text-align-center\">ALANE CABRAL MENEZES DE OLIVEIRA<br><strong>Secret\u00e1ria Municipal de Assist\u00eancia Social<\/strong><\/h4>\n\n\n\n<p><\/p>\n\n\n\n<p><\/p>\n\n\n\n<figure class=\"wp-block-image size-large\"><img decoding=\"async\" width=\"1024\" height=\"171\" src=\"https:\/\/www.diariomunicipal-al.com.br\/uniao\/wp-content\/uploads\/2025\/05\/image-10-1024x171.png\" alt=\"\" class=\"wp-image-3785\" srcset=\"https:\/\/www.diariomunicipal-al.com.br\/uniao\/wp-content\/uploads\/2025\/05\/image-10-1024x171.png 1024w, https:\/\/www.diariomunicipal-al.com.br\/uniao\/wp-content\/uploads\/2025\/05\/image-10-300x50.png 300w, https:\/\/www.diariomunicipal-al.com.br\/uniao\/wp-content\/uploads\/2025\/05\/image-10-768x128.png 768w, https:\/\/www.diariomunicipal-al.com.br\/uniao\/wp-content\/uploads\/2025\/05\/image-10.png 1060w\" sizes=\"(max-width: 1024px) 100vw, 1024px\" \/><\/figure>\n\n\n\n<figure class=\"wp-block-image size-large\"><img loading=\"lazy\" decoding=\"async\" width=\"1024\" height=\"346\" src=\"https:\/\/www.diariomunicipal-al.com.br\/uniao\/wp-content\/uploads\/2025\/05\/image-11-1024x346.png\" alt=\"\" class=\"wp-image-3786\" srcset=\"https:\/\/www.diariomunicipal-al.com.br\/uniao\/wp-content\/uploads\/2025\/05\/image-11-1024x346.png 1024w, https:\/\/www.diariomunicipal-al.com.br\/uniao\/wp-content\/uploads\/2025\/05\/image-11-300x101.png 300w, https:\/\/www.diariomunicipal-al.com.br\/uniao\/wp-content\/uploads\/2025\/05\/image-11-768x260.png 768w, https:\/\/www.diariomunicipal-al.com.br\/uniao\/wp-content\/uploads\/2025\/05\/image-11.png 1053w\" sizes=\"(max-width: 1024px) 100vw, 1024px\" \/><\/figure>\n\n\n\n<figure class=\"wp-block-table\"><table class=\"has-fixed-layout\"><tbody><tr><td><strong>1. Justificativa da necessidade<\/strong><\/td><\/tr><tr><td>1.1 &#8211; A aquisi\u00e7\u00e3o e fornecimento de equipamentos para um sistema CFTV na CASA LAR \u00e9 uma medida essencial para garantir a seguran\u00e7a e o bem-estar dos residentes, al\u00e9m de proteger o patrim\u00f4nio do local. O sistema CFTV oferece monitoramento em tempo real, registro de eventos, prote\u00e7\u00e3o patrimonial e uma maior sensa\u00e7\u00e3o de seguran\u00e7a para todos;<br><br>1.2 &#8211; Atualmente, com as dificuldades encontradas na sociedade, como a defici\u00eancia dos \u00f3rg\u00e3os p\u00fablicos, os problemas com a seguran\u00e7a p\u00fablica aumentaram, com isso a criminalidade aumentou consideravelmente. Diante dessa realidade sabemos que n\u00e3o podemos confiar apenas na pol\u00edcia j\u00e1 que as mesmas n\u00e3o podem estar em todos os lugares ao mesmo tempo, com isso procuramos complementar esta defici\u00eancia com a contrata\u00e7\u00e3o de uma empresa especializada fornecimento de equipamentos para sistema de monitoramento por c\u00e2meras de seguran\u00e7a (CFTV \u2013 Circuito Fechado de Televis\u00e3o).<\/td><\/tr><\/tbody><\/table><\/figure>\n\n\n\n<figure class=\"wp-block-table\"><table class=\"has-fixed-layout\"><tbody><tr><td><strong>ITEM<\/strong><\/td><td><strong>DESCRI\u00c7\u00c3O<\/strong><\/td><td><strong>UNIDADE<\/strong><\/td><td><strong>QUANTIDADE<\/strong><\/td><td><strong>PRE\u00c7O UNIT\u00c1RIO<\/strong><\/td><\/tr><tr><td><strong>1<\/strong><\/td><td><strong>DVR GRAVADOR DE VIDEO DIGITAL 8CH&nbsp;<\/strong><\/td><td><strong>UN<\/strong><\/td><td><strong>1<\/strong><\/td><td><strong>R$ 1.136,33<\/strong><\/td><\/tr><tr><td><strong>2<\/strong><\/td><td><strong>CAMERA &nbsp;&nbsp;&nbsp; DE &nbsp;&nbsp; VIGIL\u00c2NCIA &nbsp;&nbsp;&nbsp;&nbsp;&nbsp;&nbsp; DOME 720P<\/strong> <strong>HDCVI<\/strong><\/td><td><strong>UN<\/strong><\/td><td><strong>5<\/strong><\/td><td><strong>R$ 191,33<\/strong><\/td><\/tr><tr><td><strong>3<\/strong><\/td><td><strong>CAMERA BULLET 720 HDCVI<\/strong><\/td><td><strong>UN<\/strong><\/td><td><strong>2<\/strong><\/td><td><strong>R$ 224,33<\/strong><\/td><\/tr><tr><td><strong>4<\/strong><\/td><td><strong>CAIXA DE PASSAGEM CFTV 4X4<\/strong><\/td><td><strong>UN<\/strong><\/td><td><strong>8<\/strong><\/td><td><strong>R$ 13,50<\/strong><\/td><\/tr><tr><td><strong>5<\/strong><\/td><td><strong>CONECTOR BNC BORNE&nbsp;<\/strong><\/td><td><strong>UN<\/strong><\/td><td><strong>16<\/strong><\/td><td><strong>R$ 5,43<\/strong><\/td><\/tr><tr><td><strong>6<\/strong><\/td><td><strong>CONECTOR P4 BORNE<\/strong><\/td><td><strong>UN<\/strong><\/td><td><strong>8<\/strong><\/td><td><strong>R$ 6,23<\/strong><\/td><\/tr><tr><td><strong>7<\/strong><\/td><td><strong>FONTE ELETR\u00d4NICA 12V\/5A<\/strong><\/td><td><strong>UN<\/strong><\/td><td><strong>1<\/strong><\/td><td><strong>R$ 105,33<\/strong><\/td><\/tr><tr><td><strong>8<\/strong><\/td><td><strong>CABO COAXIAL 4MM FLEXIVEL<\/strong><\/td><td><strong>CAIXA<\/strong><\/td><td><strong>2<\/strong><\/td><td><strong>R$ 186,33<\/strong><\/td><\/tr><tr><td><strong>9<\/strong><\/td><td><strong>HD 1 TB WD&nbsp;<\/strong><\/td><td><strong>UN<\/strong><\/td><td><strong>1<\/strong><\/td><td><strong>R$ 395,33<\/strong><\/td><\/tr><tr><td><strong>10<\/strong><\/td><td><strong>C\u00c2MERA DOME FULLHD 1080P A<\/strong><\/td><td><strong>UN<\/strong><\/td><td><strong>1<\/strong><\/td><td><strong>R$ 417,66<\/strong><\/td><\/tr><\/tbody><\/table><\/figure>\n\n\n\n<p><strong>3. Previs\u00e3o de data para in\u00edcio da presta\u00e7\u00e3o dos servi\u00e7os:<\/strong> O prazo de entrega dos produtos ser\u00e1 de at\u00e9 03 dias corridos a partir da data de emiss\u00e3o da ordem de compra.<\/p>\n\n\n\n<figure class=\"wp-block-table\"><table class=\"has-fixed-layout\"><tbody><tr><td><strong>4. Grau de prioridade da contrata\u00e7\u00e3o: (\u00a0\u00a0 ) Baixo\u00a0\u00a0\u00a0\u00a0 (\u00a0\u00a0 ) M\u00e9dio\u00a0\u00a0\u00a0\u00a0 ( X<\/strong> <strong>) Alto<\/strong><\/td><\/tr><\/tbody><\/table><\/figure>\n\n\n\n<figure class=\"wp-block-table\"><table class=\"has-fixed-layout\"><tbody><tr><td><strong>5. Cr\u00e9ditos Or\u00e7ament\u00e1rios:<\/strong><\/td><\/tr><tr><td><strong>5.1. Valor estimado da contrata\u00e7\u00e3o: <\/strong>O valor estimado para a aquisi\u00e7\u00e3o ser\u00e1 baseado em pesquisa de pre\u00e7os, com o objetivo de garantir a melhor condi\u00e7\u00e3o de compra e atender ao princ\u00edpio da economicidade.<br><br><strong>5.2. Natureza da Despesa: <\/strong>As despesas decorrentes da contrata\u00e7\u00e3o do objeto correr\u00e3o \u00e0 conta dos recursos espec\u00edficos consignados no or\u00e7amento, o qual ser\u00e1 demonstrado no momento da contrata\u00e7\u00e3o.<br><br><strong>5.3. Dota\u00e7\u00e3o or\u00e7ament\u00e1ria:<\/strong><br><br>\u00d3rg\u00e3o: 08 \u2013 SECRETARIA MUNICIPAL DE ASSIST\u00caNCIA SOCIAL<br>Unidade Or\u00e7ament\u00e1ria: 0802 \u2013 FUNDO MUNICIPAL DE ASSISTENCIA SOCIAL<br>Estrutura Program\u00e1tica: 08.0802.08.244.0131.4085 \u2013 BLOCO DE PROTE\u00c7\u00c3O SOCIAL ESPECIAL DE M\u00c9DIA E ALTA COMPLEXIDADE &#8211; MAC<br>Elemento de Despesa: 4.4.90.52.00.00.00.00.00 \u2013 EQUIPAMENTOS E MAT\u00c9RIAL PERMANENTE<br>Fonte de Recurso: 1669.00.000 \u2013 OUTROS RECURSOS VINCULADOS \u00c1 ASSIST\u00caNCIA SOCIAL \u00a0 \u00a0<\/td><\/tr><\/tbody><\/table><\/figure>\n\n\n\n<p>Uni\u00e3o dos Palmares \u2013 AL, 20 de maio de 2025.<\/p>\n\n\n\n<p><\/p>\n\n\n\n<p class=\"has-text-align-center\"><strong>AMANDA MOREIRA DE LIMA<\/strong><br>COORDENADORA \u2013 CASA LAR<\/p>\n\n\n\n<p><\/p>\n\n\n\n<p class=\"has-text-align-center\"><strong>ALANE CABRAL MENEZES DE OLIVEIRA<\/strong><br>SECRET\u00c1RIA MUNICIPAL DE ASSIST\u00caNCIA SOCIAL<\/p>\n\n\n\n<p><\/p>\n\n\n\n<p><\/p>\n\n\n\n<p><strong>TERMO DE REFER\u00caNCIA<\/strong><\/p>\n\n\n\n<h4 class=\"wp-block-heading\">01. DO OBJETO<\/h4>\n\n\n\n<p><strong>1.1 &#8211; <\/strong>O presente Termo de Refer\u00eancia (TR) trata da Contrata\u00e7\u00e3o de Empresa Especializada no fornecimento de equipamentos para sistema de monitoramento por c\u00e2meras de seguran\u00e7a (CFTV \u2013 Circuito Fechado de Televis\u00e3o), que dever\u00e3o ser entregues instalados e em perfeito funcionamento, conforme condi\u00e7\u00f5es e exig\u00eancias estabelecidas neste instrumento.&nbsp;<\/p>\n\n\n\n<h4 class=\"wp-block-heading\">02. DA JUSTIFICATIVA PARA CONTRATA\u00c7\u00c3O &nbsp;&nbsp;&nbsp;&nbsp;&nbsp;&nbsp;&nbsp;&nbsp;&nbsp;&nbsp;&nbsp;&nbsp;&nbsp;&nbsp;&nbsp;&nbsp;&nbsp;&nbsp;&nbsp;&nbsp;&nbsp;&nbsp;&nbsp;&nbsp;&nbsp;&nbsp;&nbsp;&nbsp;&nbsp;&nbsp;&nbsp;&nbsp;&nbsp;&nbsp;&nbsp;&nbsp;&nbsp;&nbsp;&nbsp;&nbsp;&nbsp;&nbsp;&nbsp;&nbsp;&nbsp;&nbsp;&nbsp;&nbsp;&nbsp;&nbsp;&nbsp; &nbsp;<\/h4>\n\n\n\n<p><strong>2.1<\/strong> <strong>&#8211; <\/strong>Atualmente, com as dificuldades encontradas na sociedade, como a defici\u00eancia dos \u00f3rg\u00e3os p\u00fablicos, os problemas com a seguran\u00e7a p\u00fablica aumentaram, com isso a criminalidade aumentou consideravelmente. Diante dessa realidade sabemos que n\u00e3o podemos confiar apenas na pol\u00edcia j\u00e1 que as mesmas n\u00e3o podem estar em todos os lugares ao mesmo tempo, com isso procuramos complementar esta defici\u00eancia com a contrata\u00e7\u00e3o de uma empresa especializada fornecimento de equipamentos para sistema de monitoramento por c\u00e2meras de seguran\u00e7a (CFTV \u2013 Circuito Fechado de Televis\u00e3o).<\/p>\n\n\n\n<p><strong>2.2 &#8211; <\/strong>A aquisi\u00e7\u00e3o e fornecimento de equipamentos para um sistema CFTV na CASA LAR \u00e9 uma medida essencial para garantir a seguran\u00e7a e o bem-estar dos residentes, al\u00e9m de proteger o patrim\u00f4nio do local. O sistema CFTV oferece monitoramento em tempo real, registro de eventos, prote\u00e7\u00e3o patrimonial e uma maior sensa\u00e7\u00e3o de seguran\u00e7a para todos.&nbsp;<\/p>\n\n\n\n<p><strong>2.3 &#8211; <\/strong>O Sistema de Circuito Fechado de TV dever\u00e1 ser entregue, instalado e configurado nas depend\u00eancias indicadas pela Secretaria Municipal de Assist\u00eancia Social, com intuito de fornecer maior n\u00edvel de seguran\u00e7a no local, no tocante a ambientes que necessitem de acesso restrito.<\/p>\n\n\n\n<h4 class=\"wp-block-heading\">03. DA QUANTIDADE E DESCRI\u00c7\u00c3O DOS EQUIPAMENTOS &nbsp;&nbsp;&nbsp;&nbsp;&nbsp;&nbsp;&nbsp;&nbsp;&nbsp;&nbsp;&nbsp;&nbsp;&nbsp;&nbsp;&nbsp;&nbsp;&nbsp;&nbsp;&nbsp;&nbsp;&nbsp;&nbsp;&nbsp;&nbsp;&nbsp;&nbsp;&nbsp;&nbsp;&nbsp;&nbsp;&nbsp; &nbsp;<\/h4>\n\n\n\n<figure class=\"wp-block-image size-full\"><img loading=\"lazy\" decoding=\"async\" width=\"1004\" height=\"428\" src=\"https:\/\/www.diariomunicipal-al.com.br\/uniao\/wp-content\/uploads\/2025\/05\/image-12.png\" alt=\"\" class=\"wp-image-3789\" srcset=\"https:\/\/www.diariomunicipal-al.com.br\/uniao\/wp-content\/uploads\/2025\/05\/image-12.png 1004w, https:\/\/www.diariomunicipal-al.com.br\/uniao\/wp-content\/uploads\/2025\/05\/image-12-300x128.png 300w, https:\/\/www.diariomunicipal-al.com.br\/uniao\/wp-content\/uploads\/2025\/05\/image-12-768x327.png 768w\" sizes=\"(max-width: 1004px) 100vw, 1004px\" \/><\/figure>\n\n\n\n<p><strong>3.1<\/strong><strong> &nbsp;&#8211;<\/strong> O objeto da Aquisi\u00e7\u00e3o tem a natureza de objeto e servi\u00e7o comum, por possu\u00edrem padr\u00f5es de desempenho e qualidade usualmente definidos no mercado, conforme Resolu\u00e7\u00e3o Normativa n\u00ba 006\/2022-CNC.<\/p>\n\n\n\n<p><strong>3.2<\/strong><strong> &nbsp;&#8211;<\/strong> A presta\u00e7\u00e3o de servi\u00e7os n\u00e3o gera v\u00ednculo empregat\u00edcio entre os empregados da contratada e a administra\u00e7\u00e3o contratante, vedando-se qualquer rela\u00e7\u00e3o entre estes que caracterize pessoalidade e subordina\u00e7\u00e3o direta.<\/p>\n\n\n\n<p><strong>3.3<\/strong><strong> &nbsp;&#8211;<\/strong> A instala\u00e7\u00e3o dos equipamentos \u00e9 de responsabilidade da Contratada e deve obedecer e seguir rigorosamente o manual do fabricante, conforme normas da ABNT, sendo que todos os materiais necess\u00e1rios \u00e0 instala\u00e7\u00e3o, ser\u00e3o custeados pela Contratada.<\/p>\n\n\n\n<p><strong>3.4<\/strong><strong> <\/strong>&nbsp;<strong>&#8211;<\/strong> Entende-se por instala\u00e7\u00e3o a realiza\u00e7\u00e3o de todos os servi\u00e7os relativos \u00e0 instala\u00e7\u00e3o necess\u00e1ria ao funcionamento dos equipamentos, incluindo, se necess\u00e1rio, parte el\u00e9trica, rede l\u00f3gica, aterramento e fontes de energia.<\/p>\n\n\n\n<p><strong>3.5<\/strong><strong> <\/strong>&nbsp;<strong>&#8211;<\/strong> Todos os materiais e acess\u00f3rios referentes \u00e0 instala\u00e7\u00e3o devem ser novos.<\/p>\n\n\n\n<p><strong>3.6<\/strong><strong> <\/strong>&nbsp;<strong>&#8211;<\/strong> N\u00e3o ser\u00e3o admitidos rasgos ou furos em nenhum elemento estrutural. Caso essa seja a \u00fanica op\u00e7\u00e3o, dever\u00e1 ser emitido relat\u00f3rio t\u00e9cnico mostrando a necessidade e que n\u00e3o causar\u00e1 preju\u00edzo ao elemento estrutural.<\/p>\n\n\n\n<p><strong>3.7<\/strong><strong> <\/strong>&nbsp;<strong>&#8211;<\/strong> Os equipamentos devem possuir garantia de, no m\u00ednimo, 01 (um) ano, contra v\u00edcios de fabrica\u00e7\u00e3o.<\/p>\n\n\n\n<p><strong>3.8<\/strong><strong> &nbsp;&#8211;<\/strong> O prazo de vig\u00eancia da contrata\u00e7\u00e3o \u00e9 at\u00e9 a totalidade da entrega do objeto.<\/p>\n\n\n\n<h4 class=\"wp-block-heading\">04. DAS OBRIGA\u00c7\u00d5ES DA CONTRATADA &nbsp;&nbsp;&nbsp;&nbsp;&nbsp;&nbsp;&nbsp;&nbsp;&nbsp;&nbsp;&nbsp;&nbsp;&nbsp;&nbsp;&nbsp;&nbsp;&nbsp;&nbsp;&nbsp;&nbsp;&nbsp;&nbsp;&nbsp;&nbsp;&nbsp;&nbsp;&nbsp;&nbsp;&nbsp;&nbsp;&nbsp;&nbsp;&nbsp;&nbsp;&nbsp;&nbsp;&nbsp;&nbsp;&nbsp;&nbsp;&nbsp;&nbsp;&nbsp;&nbsp;&nbsp;&nbsp;&nbsp;&nbsp;&nbsp;&nbsp;&nbsp;&nbsp;&nbsp;&nbsp;&nbsp;&nbsp;&nbsp;&nbsp;&nbsp;&nbsp; &nbsp;<\/h4>\n\n\n\n<p><strong>4.1 &#8211;<\/strong> \u00c9 responsabilidade da CONTRATADA o fornecimento dos equipamentos em estreita observ\u00e2ncia da legisla\u00e7\u00e3o vigente para contrata\u00e7\u00f5es p\u00fablicas, as especifica\u00e7\u00f5es t\u00e9cnicas referentes ao pedido.<\/p>\n\n\n\n<p><strong>4.2 &#8211;<\/strong> Acatar as orienta\u00e7\u00f5es do CONTRATANTE, sujeitando-se a mais ampla e irrestrita fiscaliza\u00e7\u00e3o, prestando os esclarecimentos solicitados e atendendo \u00e0s reclama\u00e7\u00f5es formuladas;<\/p>\n\n\n\n<p><strong>4.3 &#8211;<\/strong> Responsabilizar-se pelos danos causados diretamente \u00e0 Administra\u00e7\u00e3o ou a terceiros, decorrentes de sua culpa ou dolo na execu\u00e7\u00e3o do CONTRATO, n\u00e3o excluindo ou reduzindo essa responsabilidade \u00e0 fiscaliza\u00e7\u00e3o e ao acompanhamento do CONTRATANTE;<\/p>\n\n\n\n<p><strong>4.4 &#8211;<\/strong> Responder pelas despesas decorrentes de danos de quaisquer a\u00e7\u00f5es, seja por sua pr\u00f3pria culpa ou quaisquer de seus empregados e prepostos;<\/p>\n\n\n\n<p><strong>4.5 &#8211;<\/strong> CONTRATADA dever\u00e1, obrigatoriamente, entregar o Termo de Garantia no ato de conclus\u00e3o da contrata\u00e7\u00e3o, sob pena de n\u00e3o lhe ser fornecido sequer o recebimento provis\u00f3rio.<\/p>\n\n\n\n<p><strong>4.6 &#8211;<\/strong> Todo servi\u00e7o prestado em substitui\u00e7\u00e3o \u00e0quele acordado ter\u00e1 sua garantia contada a partir da data do novo recebimento definitivo.<\/p>\n\n\n\n<h4 class=\"wp-block-heading\">05. OBRIGA\u00c7\u00d5ES DA CONTRATANTE &nbsp;&nbsp;&nbsp;&nbsp;&nbsp;&nbsp;&nbsp;&nbsp;&nbsp;&nbsp;&nbsp;&nbsp;&nbsp;&nbsp;&nbsp;&nbsp;&nbsp;&nbsp;&nbsp;&nbsp;&nbsp;&nbsp;&nbsp;&nbsp;&nbsp;&nbsp;&nbsp;&nbsp;&nbsp;&nbsp;&nbsp;&nbsp;&nbsp;&nbsp;&nbsp;&nbsp;&nbsp;&nbsp;&nbsp;&nbsp;&nbsp;&nbsp;&nbsp;&nbsp;&nbsp;&nbsp;&nbsp;&nbsp;&nbsp;&nbsp;&nbsp;&nbsp;&nbsp;&nbsp;&nbsp;&nbsp;&nbsp;&nbsp;&nbsp;&nbsp;&nbsp;&nbsp;&nbsp;&nbsp;&nbsp;&nbsp; &nbsp;<\/h4>\n\n\n\n<p><strong>5.1 &#8211;<\/strong> \u00c9 responsabilidade do CONTRATANTE a manuten\u00e7\u00e3o das condi\u00e7\u00f5es necess\u00e1rias para a aquisi\u00e7\u00e3o do objeto, por parte da CONTRATADA em estrita concord\u00e2ncia com os termos das leis aplicadas \u00e0s contrata\u00e7\u00f5es p\u00fablicas e as especifica\u00e7\u00f5es t\u00e9cnicas contidas no Termo de refer\u00eancia e seus anexos, especialmente para:<\/p>\n\n\n\n<p><strong>5.2 &#8211;<\/strong> Aprovar os documentos correspondentes ao servi\u00e7o final;<\/p>\n\n\n\n<p><strong>5.3 &#8211;<\/strong> Efetuar o pagamento \u00e0 CONTRATADA de acordo com os valores estabelecidos no contrato e\/ou na autoriza\u00e7\u00e3o de fornecimento;<\/p>\n\n\n\n<p><strong>5.4 &#8211;<\/strong> Atestar a entrega dos equipamentos deste CONTRATO por meio do setor competente.<\/p>\n\n\n\n<h5 class=\"wp-block-heading\">06. CONTROLE DA EXECU\u00c7\u00c3O DOS SERVI\u00c7OS &nbsp;&nbsp;&nbsp;&nbsp;&nbsp;&nbsp;&nbsp;&nbsp;&nbsp;&nbsp;&nbsp;&nbsp;&nbsp;&nbsp;&nbsp;&nbsp;&nbsp;&nbsp;&nbsp;&nbsp;&nbsp;&nbsp;&nbsp;&nbsp;&nbsp;&nbsp;&nbsp;&nbsp;&nbsp;&nbsp;&nbsp;&nbsp;&nbsp;&nbsp;&nbsp;&nbsp;&nbsp;&nbsp;&nbsp;&nbsp;&nbsp;&nbsp;&nbsp;&nbsp;&nbsp;&nbsp;&nbsp;&nbsp;&nbsp;&nbsp; &nbsp;<\/h5>\n\n\n\n<p><strong>6.1 &#8211;<\/strong> A contratante deve acompanhar e fiscalizar a conformidade da execu\u00e7\u00e3o do objeto desta aquisi\u00e7\u00e3o e dos recursos necess\u00e1rios, de forma a assegurar o perfeito cumprimento do ajuste, por meio de um representante especialmente designado, na forma dos arts. 117 e 140 da Lei n\u00ba 14.133, de 2021;<\/p>\n\n\n\n<p><strong>6.2 &#8211;<\/strong> A verifica\u00e7\u00e3o da adequa\u00e7\u00e3o da execu\u00e7\u00e3o do objeto desta aquisi\u00e7\u00e3o dever\u00e1 ser realizada com base nos crit\u00e9rios previstos no Termo de Refer\u00eancia. Em especial aqueles relativos aos \u00edndices de produtividade;<\/p>\n\n\n\n<p><strong>6.3 &#8211;<\/strong> A conformidade da execu\u00e7\u00e3o do objeto desta aquisi\u00e7\u00e3o dever\u00e1 ser verificada juntamente com o documento da Contratada que contenha a rela\u00e7\u00e3o detalhada dos mesmos, de acordo com o estabelecido no Termo de Refer\u00eancia e na proposta, informando as respectivas quantidades e especifica\u00e7\u00f5es t\u00e9cnicas;<\/p>\n\n\n\n<p><strong>6.4 &#8211;<\/strong> A fiscaliza\u00e7\u00e3o n\u00e3o exclui nem reduz a responsabilidade da Contratada, inclusive perante terceiros, por qualquer irregularidade, ainda que resulte de imperfei\u00e7\u00f5es t\u00e9cnicas, v\u00edcios redibit\u00f3rios, ou emprego de material inadequado ou de qualidade inferior e, na ocorr\u00eancia desta, n\u00e3o implica em corresponsabilidade da Contratante ou de seus agentes e prepostos, de conformidade com o artigo 120 da Lei n\u00ba 14.133, de 2021.<\/p>\n\n\n\n<h4 class=\"wp-block-heading\">07. DO PAGAMENTO<\/h4>\n\n\n\n<p><strong>7.1 &#8211;<\/strong> O pagamento ser\u00e1 efetuado em \u00fanica parcela referente ao fornecimento do objeto, mediante a apresenta\u00e7\u00e3o do documento fiscal competente (nota fiscal), devidamente aprovado, correspondente ao servi\u00e7o efetivamente realizado, verificado e aceito pela contratante, no prazo de at\u00e9 30 (trinta) dias a contar da data de emiss\u00e3o da nota fiscal.<\/p>\n\n\n\n<p><strong>7.2 &#8211;<\/strong> O pagamento ser\u00e1 efetuado por meio de Ordem Banc\u00e1ria de Cr\u00e9dito, mediante dep\u00f3sito em conta corrente, na ag\u00eancia e estabelecimento banc\u00e1rio indicado pela Contratada.<\/p>\n\n\n\n<p><strong>7.3 &#8211;<\/strong> Nos casos de eventuais atrasos de pagamento, desde que a Contratada n\u00e3o tenha concorrido de alguma forma para tanto, o valor devido dever\u00e1 ser acrescido de encargos morat\u00f3rios proporcionais aos dias de atraso, apurados desde a data limite prevista para o pagamento at\u00e9 a data do efetivo pagamento.&nbsp;<\/p>\n\n\n\n<p><strong>7.4 &#8211;<\/strong> No caso de incorre\u00e7\u00e3o nos documentos apresentados, inclusive na Nota Fiscal, estes ser\u00e3o restitu\u00eddos pela Contratante, no prazo de at\u00e9 10 (dez) dias, para que a Contratada promova as corre\u00e7\u00f5es necess\u00e1rias, n\u00e3o respondendo a Contratante por quaisquer encargos resultantes de atrasos na liquida\u00e7\u00e3o dos pagamentos correspondentes.<\/p>\n\n\n\n<h4 class=\"wp-block-heading\">08. DA FISCALIZA\u00c7\u00c3O \u00a0\u00a0\u00a0\u00a0\u00a0\u00a0\u00a0\u00a0\u00a0\u00a0\u00a0\u00a0\u00a0\u00a0\u00a0\u00a0\u00a0\u00a0\u00a0\u00a0\u00a0\u00a0\u00a0\u00a0\u00a0\u00a0\u00a0\u00a0\u00a0\u00a0\u00a0\u00a0\u00a0\u00a0\u00a0\u00a0\u00a0\u00a0\u00a0\u00a0\u00a0\u00a0\u00a0\u00a0\u00a0\u00a0\u00a0\u00a0\u00a0\u00a0\u00a0\u00a0\u00a0\u00a0\u00a0\u00a0\u00a0\u00a0\u00a0\u00a0\u00a0\u00a0\u00a0\u00a0\u00a0\u00a0\u00a0\u00a0\u00a0\u00a0\u00a0\u00a0\u00a0\u00a0\u00a0\u00a0\u00a0\u00a0\u00a0\u00a0\u00a0\u00a0\u00a0\u00a0\u00a0\u00a0\u00a0\u00a0\u00a0\u00a0\u00a0\u00a0\u00a0 \u00a0<\/h4>\n\n\n\n<p><strong>8.1 &#8211; <\/strong>Conforme artigo 117 da Lei Federal n\u00ba 14.133, de 1\u00ba de abril de 2021, a fiscaliza\u00e7\u00e3o e acompanhamento da execu\u00e7\u00e3o do fornecimento ser\u00e1 por meio da <strong>SECRETARIA MUNICIPAL DE ASSIST\u00caNCIA SOCIAL, <\/strong>conforme designa\u00e7\u00e3o do Gestor, observando que:<\/p>\n\n\n\n<p><strong>8.2 &#8211;<\/strong> A execu\u00e7\u00e3o da execu\u00e7\u00e3o do fornecimento ser\u00e1 acompanhada e fiscalizada por um representante da CONTRATANTE especialmente designado, permitida a contrata\u00e7\u00e3o de terceiros para assisti-lo e subsidi\u00e1-lo de informa\u00e7\u00f5es pertinentes a essa atribui\u00e7\u00e3o;<\/p>\n\n\n\n<p><strong>8.3 &#8211; <\/strong>O representante da Administra\u00e7\u00e3o anotar\u00e1 em registro pr\u00f3prio todas as ocorr\u00eancias relacionadas com a execu\u00e7\u00e3o do fornecimento, determinando o que for necess\u00e1rio \u00e0 regulariza\u00e7\u00e3o das faltas ou defeitos observados;<\/p>\n\n\n\n<p><strong>8.4 &#8211;<\/strong> As decis\u00f5es e provid\u00eancias que ultrapassarem a compet\u00eancia do representante dever\u00e3o ser solicitadas a seus superiores em tempo h\u00e1bil para a ado\u00e7\u00e3o das medidas convenientes;<\/p>\n\n\n\n<p><strong>8.5 &#8211; <\/strong>&nbsp;A fiscaliza\u00e7\u00e3o por parte da CONTRATANTE n\u00e3o exclui nem reduz a responsabilidade da CONTRATADA, inclusive perante terceiros, por qualquer irregularidade de seus agentes e prepostos (art.120 da Lei 14.133\/2021), ressaltando-se, ainda, que mesmo atestado a execu\u00e7\u00e3o do fornecimento adquirido, subsistir\u00e1 a responsabilidade da CONTRATADA pela solidez, qualidade e seguran\u00e7a deste \u00faltimo.<\/p>\n\n\n\n<h4 class=\"wp-block-heading\">09. DISPOSI\u00c7\u00d5ES FINAIS \u00a0\u00a0\u00a0\u00a0\u00a0\u00a0\u00a0\u00a0\u00a0\u00a0\u00a0\u00a0\u00a0\u00a0\u00a0\u00a0\u00a0\u00a0\u00a0\u00a0\u00a0\u00a0\u00a0\u00a0\u00a0\u00a0\u00a0\u00a0\u00a0\u00a0\u00a0\u00a0\u00a0\u00a0\u00a0\u00a0\u00a0\u00a0\u00a0\u00a0\u00a0\u00a0\u00a0\u00a0\u00a0\u00a0\u00a0\u00a0\u00a0\u00a0\u00a0\u00a0\u00a0\u00a0\u00a0\u00a0\u00a0\u00a0\u00a0\u00a0\u00a0\u00a0\u00a0\u00a0\u00a0\u00a0\u00a0\u00a0\u00a0\u00a0\u00a0\u00a0\u00a0\u00a0\u00a0\u00a0\u00a0\u00a0\u00a0\u00a0\u00a0\u00a0\u00a0\u00a0\u00a0\u00a0\u00a0\u00a0\u00a0 \u00a0<\/h4>\n\n\n\n<p><strong>9.1 &#8211;<\/strong> No valor da proposta dever\u00e3o estar inclu\u00eddos, contribui\u00e7\u00f5es sociais, impostos, taxas e outras despesas que incidirem sobre a execu\u00e7\u00e3o do servi\u00e7o, n\u00e3o se admitindo a cobran\u00e7a de qualquer item n\u00e3o previsto neste Termo de Refer\u00eancia.<\/p>\n\n\n\n<p><strong>9.2 &#8211;<\/strong> Os empregados da Contratada n\u00e3o ter\u00e3o nenhum v\u00ednculo empregat\u00edcio com a Contratante.<\/p>\n\n\n\n<h4 class=\"wp-block-heading\">10. DOS RESPONS\u00c1VEIS T\u00c9CNICOS &nbsp;&nbsp;&nbsp;&nbsp;&nbsp;&nbsp;&nbsp;&nbsp;&nbsp;&nbsp;&nbsp;&nbsp;&nbsp;&nbsp;&nbsp;&nbsp;&nbsp;&nbsp;&nbsp;&nbsp;&nbsp;&nbsp;&nbsp;&nbsp;&nbsp;&nbsp;&nbsp;&nbsp;&nbsp;&nbsp;&nbsp;&nbsp;&nbsp;&nbsp;&nbsp;&nbsp;&nbsp;&nbsp;&nbsp;&nbsp;&nbsp;&nbsp;&nbsp;&nbsp;&nbsp;&nbsp;&nbsp;&nbsp;&nbsp;&nbsp;&nbsp;&nbsp;&nbsp;&nbsp;&nbsp;&nbsp;&nbsp;&nbsp;&nbsp;&nbsp;&nbsp;&nbsp;&nbsp;&nbsp;&nbsp;&nbsp;&nbsp;&nbsp;&nbsp;&nbsp; &nbsp;<\/h4>\n\n\n\n<p><strong>10.1 &#8211; <\/strong>\u00c9 Respons\u00e1vel T\u00e9cnico e assina o presente Termo, o (a) seguinte servidor (a):<\/p>\n\n\n\n<p>Uni\u00e3o dos Palmares \u2013 Alagoas, 19 de maio de 2025.<\/p>\n\n\n\n<h4 class=\"wp-block-heading has-text-align-center\">AMANDA MOREIRA DE LIMA<br><strong>COORDENADORA CASA LAR<\/strong><\/h4>\n\n\n\n<p><\/p>\n","protected":false},"excerpt":{"rendered":"<p>&nbsp; PROCESSO ADMINISTRATIVO&nbsp; &nbsp; 1003052000012025 &nbsp; PRAZO PARA ENTREGA &#8211; PROPOSTA DE PRE\u00c7OS E DOCUMENTOS DE HABILITA\u00c7\u00c3O &nbsp; 72 horas &nbsp; REFER\u00caNCIA DE HOR\u00c1RIO &nbsp; Hor\u00e1rio de Bras\u00edlia &#8211; DF &nbsp; ENDERE\u00c7O ELETR\u00d4NICO PARA ENVIO DA PROPOSTA E DOCUMENOS DE HABILITA\u00c7\u00c3O &nbsp; compras.pmup@hotmail.com O MUNIC\u00cdPIO DE UNI\u00c3O DOS PALMARES \u2013 AL, atrav\u00e9s do FUNDO MUNICIPAL [&hellip;]<\/p>\n","protected":false},"author":5,"featured_media":0,"comment_status":"open","ping_status":"open","sticky":false,"template":"","format":"standard","meta":{"footnotes":""},"categories":[1],"tags":[],"class_list":["post-3778","post","type-post","status-publish","format-standard","hentry","category-licitacoes"],"_links":{"self":[{"href":"https:\/\/www.diariomunicipal-al.com.br\/uniao\/wp-json\/wp\/v2\/posts\/3778","targetHints":{"allow":["GET"]}}],"collection":[{"href":"https:\/\/www.diariomunicipal-al.com.br\/uniao\/wp-json\/wp\/v2\/posts"}],"about":[{"href":"https:\/\/www.diariomunicipal-al.com.br\/uniao\/wp-json\/wp\/v2\/types\/post"}],"author":[{"embeddable":true,"href":"https:\/\/www.diariomunicipal-al.com.br\/uniao\/wp-json\/wp\/v2\/users\/5"}],"replies":[{"embeddable":true,"href":"https:\/\/www.diariomunicipal-al.com.br\/uniao\/wp-json\/wp\/v2\/comments?post=3778"}],"version-history":[{"count":4,"href":"https:\/\/www.diariomunicipal-al.com.br\/uniao\/wp-json\/wp\/v2\/posts\/3778\/revisions"}],"predecessor-version":[{"id":3790,"href":"https:\/\/www.diariomunicipal-al.com.br\/uniao\/wp-json\/wp\/v2\/posts\/3778\/revisions\/3790"}],"wp:attachment":[{"href":"https:\/\/www.diariomunicipal-al.com.br\/uniao\/wp-json\/wp\/v2\/media?parent=3778"}],"wp:term":[{"taxonomy":"category","embeddable":true,"href":"https:\/\/www.diariomunicipal-al.com.br\/uniao\/wp-json\/wp\/v2\/categories?post=3778"},{"taxonomy":"post_tag","embeddable":true,"href":"https:\/\/www.diariomunicipal-al.com.br\/uniao\/wp-json\/wp\/v2\/tags?post=3778"}],"curies":[{"name":"wp","href":"https:\/\/api.w.org\/{rel}","templated":true}]}}