{"id":3793,"date":"2025-05-21T17:15:01","date_gmt":"2025-05-21T20:15:01","guid":{"rendered":"https:\/\/www.diariomunicipal-al.com.br\/uniao\/?p=3793"},"modified":"2025-05-21T17:15:01","modified_gmt":"2025-05-21T20:15:01","slug":"aviso-de-licitacao-35","status":"publish","type":"post","link":"https:\/\/www.diariomunicipal-al.com.br\/uniao\/aviso-de-licitacao-35\/","title":{"rendered":"AVISO DE LICITA\u00c7\u00c3O"},"content":{"rendered":"<p>MUNIC\u00cdPIO DE UNI\u00c3O DOS PALMARES\/AL<br \/>\nAVISO DE LICITA\u00c7\u00c3O<br \/>\nConcorr\u00eancia N\u00ba 01\/2025<br \/>\nModalidade\/N\u00ba: Concorr\u00eancia n\u00ba 01\/2025 \u2013 Tipo: T\u00e9cnica e Pre\u00e7o \u2013 Objeto: contrata\u00e7\u00e3o de empresa para presta\u00e7\u00e3o de servi\u00e7os t\u00e9cnicos profissionais, visando a operacionaliza\u00e7\u00e3o integral do Curso de Forma\u00e7\u00e3o da Guarda Municipal de Uni\u00e3o dos Palmares \u2013 AL \u2013 Data\/Hor\u00e1rio: 17 de JULHO de 2025, \u00e0s 10:00 (dez horas) &#8211; (hor\u00e1rio de Bras\u00edlia) \u2013 O Edital em inteiro teor encontra-se dispon\u00edvel no site: http:\/\/bnc.org.br\/, no portal do munic\u00edpio, atrav\u00e9s do site http:\/\/www.uniaodospalmares.al.gov.br, no endere\u00e7o sede da Prefeitura localizada na Rua Marechal Deodoro da Fonseca, Centro, CEP 57.800-000, em dias \u00fateis, no hor\u00e1rio das 08 \u00e0s 13 horas, ou por meio eletr\u00f4nico, mediante solicita\u00e7\u00e3o enviada ao e-mail: licitacoes@uniaodospalmares.al.gov.br.<br \/>\nADRIANO JOS\u00c9 DA SILVA<br \/>\nAgente de Contrata\u00e7\u00e3o<\/p>\n","protected":false},"excerpt":{"rendered":"<p>MUNIC\u00cdPIO DE UNI\u00c3O DOS PALMARES\/AL AVISO DE LICITA\u00c7\u00c3O Concorr\u00eancia N\u00ba 01\/2025 Modalidade\/N\u00ba: Concorr\u00eancia n\u00ba 01\/2025 \u2013 Tipo: T\u00e9cnica e Pre\u00e7o \u2013 Objeto: contrata\u00e7\u00e3o de empresa para presta\u00e7\u00e3o de servi\u00e7os t\u00e9cnicos profissionais, visando a operacionaliza\u00e7\u00e3o integral do Curso de Forma\u00e7\u00e3o da Guarda Municipal de Uni\u00e3o dos Palmares \u2013 AL \u2013 Data\/Hor\u00e1rio: 17 de JULHO de 2025, [&hellip;]<\/p>\n","protected":false},"author":5,"featured_media":0,"comment_status":"open","ping_status":"open","sticky":false,"template":"","format":"standard","meta":{"footnotes":""},"categories":[1],"tags":[],"class_list":["post-3793","post","type-post","status-publish","format-standard","hentry","category-licitacoes"],"_links":{"self":[{"href":"https:\/\/www.diariomunicipal-al.com.br\/uniao\/wp-json\/wp\/v2\/posts\/3793","targetHints":{"allow":["GET"]}}],"collection":[{"href":"https:\/\/www.diariomunicipal-al.com.br\/uniao\/wp-json\/wp\/v2\/posts"}],"about":[{"href":"https:\/\/www.diariomunicipal-al.com.br\/uniao\/wp-json\/wp\/v2\/types\/post"}],"author":[{"embeddable":true,"href":"https:\/\/www.diariomunicipal-al.com.br\/uniao\/wp-json\/wp\/v2\/users\/5"}],"replies":[{"embeddable":true,"href":"https:\/\/www.diariomunicipal-al.com.br\/uniao\/wp-json\/wp\/v2\/comments?post=3793"}],"version-history":[{"count":1,"href":"https:\/\/www.diariomunicipal-al.com.br\/uniao\/wp-json\/wp\/v2\/posts\/3793\/revisions"}],"predecessor-version":[{"id":3794,"href":"https:\/\/www.diariomunicipal-al.com.br\/uniao\/wp-json\/wp\/v2\/posts\/3793\/revisions\/3794"}],"wp:attachment":[{"href":"https:\/\/www.diariomunicipal-al.com.br\/uniao\/wp-json\/wp\/v2\/media?parent=3793"}],"wp:term":[{"taxonomy":"category","embeddable":true,"href":"https:\/\/www.diariomunicipal-al.com.br\/uniao\/wp-json\/wp\/v2\/categories?post=3793"},{"taxonomy":"post_tag","embeddable":true,"href":"https:\/\/www.diariomunicipal-al.com.br\/uniao\/wp-json\/wp\/v2\/tags?post=3793"}],"curies":[{"name":"wp","href":"https:\/\/api.w.org\/{rel}","templated":true}]}}